{"id":6295,"date":"2024-04-03T06:37:40","date_gmt":"2024-04-03T06:37:40","guid":{"rendered":"https:\/\/www.brainytoon.com\/se\/?p=6295"},"modified":"2024-04-03T07:00:55","modified_gmt":"2024-04-03T07:00:55","slug":"grodan-som-ville-bli-en-ko","status":"publish","type":"post","link":"https:\/\/www.brainytoon.com\/se\/grodan-som-ville-bli-en-ko\/","title":{"rendered":"Fabeln &#8221;Grodan som ville bli en ko&#8221;"},"content":{"rendered":"\n<p>Det var en g\u00e5ng en liten groda som hade en stor dr\u00f6m. Hon ville bli en ko mer \u00e4n n\u00e5got annat i v\u00e4rlden. <\/p>\n\n\n\n<p>Hon hoppade runt i dammen och ber\u00e4ttade f\u00f6r sina v\u00e4nner om sin dr\u00f6m, men de bara skrattade och trodde att det var om\u00f6jligt.<\/p>\n\n\n\n<p>Den lilla grodan l\u00e4t sig inte avskr\u00e4ckas och gav sig ut p\u00e5 en resa f\u00f6r att hitta hemligheten bakom att bli en ko.<\/p>\n\n\n\n<p>Kommer den lilla grodan n\u00e5gonsin att f\u00f6rverkliga sin dr\u00f6m om att bli en ko? L\u00e4s den klassiska fabeln &#8221;Grodan som ville bli en ko&#8221; med oss.<\/p>\n\n\n\n<figure class=\"wp-block-embed is-type-video is-provider-youtube wp-block-embed-youtube wp-embed-aspect-16-9 wp-has-aspect-ratio\"><div class=\"wp-block-embed__wrapper\">\n<iframe loading=\"lazy\" title=\"Grodan som ville bli en ko - En klassisk animerad saga f\u00f6r barn #sagor #barnb\u00f6cker #aisopos\" width=\"720\" height=\"405\" src=\"https:\/\/www.youtube.com\/embed\/EHQ_k692lnY?feature=oembed\" frameborder=\"0\" allow=\"accelerometer; autoplay; clipboard-write; encrypted-media; gyroscope; picture-in-picture; web-share\" referrerpolicy=\"strict-origin-when-cross-origin\" allowfullscreen><\/iframe>\n<\/div><figcaption class=\"wp-element-caption\"><a href=\"https:\/\/www.brainytoon.com\/se\/aisopos-fabler\/\">Utforska fler ber\u00e4ttelser fr\u00e5n Aisopos fabler<\/a><\/figcaption><\/figure>\n\n\n\n<h2 class=\"wp-block-heading has-theme-palette-4-color has-text-color has-link-color has-medium-font-size wp-elements-2ea3c030cf13ffe5f55d3298708b6a80\"><strong>L\u00e4rdomar fr\u00e5n \u201dGrodan som ville bli en ko\u201d: en fabel av Aisopos<\/strong><\/h2>\n\n\n\n<p>Den lilla grodan var tr\u00f6tt p\u00e5 att vara en groda. Hon dr\u00f6mde om att ist\u00e4llet bli en ko&#8230;.moralen i denna fabel \u00e4r att man ska acceptera sig sj\u00e4lv f\u00f6r den man \u00e4r. <\/p>\n\n\n\n<p>Man kan inte bli n\u00e5got man inte \u00e4r skapt att vara. Var n\u00f6jd med dig sj\u00e4lv och dina naturliga g\u00e5vor. <\/p>\n\n\n\n<p>Vi kan fortfarande str\u00e4va efter att bli den b\u00e4sta versionen av oss sj\u00e4lva.<\/p>\n\n\n\n<p>Grodan var missn\u00f6jd med att vara groda och ville bli en ko. Men i slut\u00e4ndan f\u00f6rlorade han det han hade genom att f\u00f6rs\u00f6ka vara n\u00e5got han inte var.<\/p>\n\n\n\n<p>Det ligger i m\u00e4nniskans natur att st\u00e4ndigt vilja ha st\u00f6rre, b\u00e4ttre och mer. Men sanningen \u00e4r att lycka kommer inifr\u00e5n, inte fr\u00e5n materiella \u00e4godelar eller status.<\/p>\n\n\n<div class=\"wp-block-image\">\n<figure class=\"aligncenter size-full\"><img loading=\"lazy\" decoding=\"async\" width=\"800\" height=\"533\" src=\"https:\/\/www.brainytoon.com\/se\/wp-content\/uploads\/sites\/2\/2024\/04\/grodan-som-ville-bli-kung.png\" alt=\"Barnsagan grodan som ville bli kung\" class=\"wp-image-6300\" srcset=\"https:\/\/www.brainytoon.com\/se\/wp-content\/uploads\/sites\/2\/2024\/04\/grodan-som-ville-bli-kung.png 800w, https:\/\/www.brainytoon.com\/se\/wp-content\/uploads\/sites\/2\/2024\/04\/grodan-som-ville-bli-kung-300x200.png 300w, https:\/\/www.brainytoon.com\/se\/wp-content\/uploads\/sites\/2\/2024\/04\/grodan-som-ville-bli-kung-768x512.png 768w\" sizes=\"auto, (max-width: 800px) 100vw, 800px\" \/><\/figure>\n<\/div>\n\n\n<h2 class=\"wp-block-heading has-theme-palette-4-color has-text-color has-link-color has-medium-font-size wp-elements-572460250a1a3a59b6ce126af4f6bb87\"><strong>Sensmoralen i fabeln<\/strong><\/h2>\n\n\n\n<p>Sensmoralen i fabeln \u00e4r att vi ska vara n\u00f6jda med det vi har, ist\u00e4llet f\u00f6r att st\u00e4ndigt vilja ha mer eller annorlunda saker. <\/p>\n\n\n\n<ul class=\"wp-block-list\">\n<li>Uppskatta de enkla sakerna och ta dem inte f\u00f6r givna. Det du har kan vara precis det som n\u00e5gon annan dr\u00f6mmer om.<\/li>\n<\/ul>\n\n\n\n<ul class=\"wp-block-list\">\n<li>Bara f\u00f6r att din v\u00e4n har de senaste prylarna betyder det inte att de \u00e4r lyckligare eller mer framg\u00e5ngsrika \u00e4n du. K\u00f6r ditt eget race.<\/li>\n<\/ul>\n\n\n\n<ul class=\"wp-block-list\">\n<li>Historien \u00e4r en p\u00e5minnelse om att sann lycka kommer inifr\u00e5n, inte fr\u00e5n vad vi har eller vad vi \u00f6nskar att vi hade.<\/li>\n<\/ul>\n\n\n\n<p>G\u00f6r dig redo att ge dig ut p\u00e5 ett unikt \u00e4ventyr och kolla in ber\u00e4ttelsen Grodan som ville bli en ko idag!<\/p>\n\n\n\n<h2 class=\"wp-block-heading has-theme-palette-4-color has-text-color has-link-color has-medium-font-size wp-elements-6b18649436034e28789d3829b7593d7b\"><strong>Fler fabler fr\u00e5n Aisopos<\/strong><\/h2>\n\n\n<style>.kb-posts-id-6295_96c06e-ba .loop-entry{background:transparent;box-shadow:none;}.kb-posts-id-6295_96c06e-ba .loop-entry > .entry-content-wrap{padding:0px;}.kb-posts-id-6295_96c06e-ba .loop-entry .post-thumbnail{margin-bottom:1em;}.kb-posts-id-6295_96c06e-ba .kb-post-list-item{display:grid;}<\/style><ul class=\"wp-block-kadence-posts kb-posts kadence-posts-list kb-posts-id-6295_96c06e-ba content-wrap grid-cols kb-posts-style-unboxed grid-sm-col-2 grid-lg-col-3 item-image-style-above\"><li class=\"kb-post-list-item\">\n\t<article class=\"entry content-bg loop-entry post-10176 post type-post status-publish format-standard has-post-thumbnail hentry category-fabler-avsnitt\">\n\t\t\t\t<a aria-hidden=\"true\" tabindex=\"-1\" role=\"presentation\" class=\"post-thumbnail kadence-thumbnail-ratio-2-3\" href=\"https:\/\/www.brainytoon.com\/se\/lantmusen-och-stadsmusen\/\" aria-label=\"Lantmusen och stadsmusen\">\n\t\t\t<div class=\"post-thumbnail-inner\">\n\t\t\t\t<img loading=\"lazy\" decoding=\"async\" width=\"768\" height=\"512\" src=\"https:\/\/www.brainytoon.com\/se\/wp-content\/uploads\/sites\/2\/2026\/01\/Lantmusen-och-stadsmusen-768x512.png\" class=\"attachment-medium_large size-medium_large wp-post-image\" alt=\"Lantmuse och stadsmusen saga\" srcset=\"https:\/\/www.brainytoon.com\/se\/wp-content\/uploads\/sites\/2\/2026\/01\/Lantmusen-och-stadsmusen-768x512.png 768w, https:\/\/www.brainytoon.com\/se\/wp-content\/uploads\/sites\/2\/2026\/01\/Lantmusen-och-stadsmusen-300x200.png 300w, https:\/\/www.brainytoon.com\/se\/wp-content\/uploads\/sites\/2\/2026\/01\/Lantmusen-och-stadsmusen.png 800w\" sizes=\"auto, (max-width: 768px) 100vw, 768px\" \/>\t\t\t<\/div>\n\t\t<\/a><!-- .post-thumbnail -->\n\t\t\t\t<div class=\"entry-content-wrap\">\n\t\t\t<header class=\"entry-header\">\n\t<h5 class=\"entry-title\"><a href=\"https:\/\/www.brainytoon.com\/se\/lantmusen-och-stadsmusen\/\" rel=\"bookmark\">Lantmusen och stadsmusen<\/a><\/h5><\/header><!-- .entry-header -->\n<footer class=\"entry-footer\">\n\t<\/footer><!-- .entry-footer -->\t\t<\/div>\n\t<\/article>\n<\/li>\n<li class=\"kb-post-list-item\">\n\t<article class=\"entry content-bg loop-entry post-6295 post type-post status-publish format-standard has-post-thumbnail hentry category-fabler-avsnitt\">\n\t\t\t\t<a aria-hidden=\"true\" tabindex=\"-1\" role=\"presentation\" class=\"post-thumbnail kadence-thumbnail-ratio-2-3\" href=\"https:\/\/www.brainytoon.com\/se\/grodan-som-ville-bli-en-ko\/\" aria-label=\"Fabeln &#8221;Grodan som ville bli en ko&#8221;\">\n\t\t\t<div class=\"post-thumbnail-inner\">\n\t\t\t\t<img loading=\"lazy\" decoding=\"async\" width=\"768\" height=\"512\" src=\"https:\/\/www.brainytoon.com\/se\/wp-content\/uploads\/sites\/2\/2024\/04\/grodan-som-ville-bli-kung-768x512.png\" class=\"attachment-medium_large size-medium_large wp-post-image\" alt=\"Barnsagan grodan som ville bli kung\" srcset=\"https:\/\/www.brainytoon.com\/se\/wp-content\/uploads\/sites\/2\/2024\/04\/grodan-som-ville-bli-kung-768x512.png 768w, https:\/\/www.brainytoon.com\/se\/wp-content\/uploads\/sites\/2\/2024\/04\/grodan-som-ville-bli-kung-300x200.png 300w, https:\/\/www.brainytoon.com\/se\/wp-content\/uploads\/sites\/2\/2024\/04\/grodan-som-ville-bli-kung.png 800w\" sizes=\"auto, (max-width: 768px) 100vw, 768px\" \/>\t\t\t<\/div>\n\t\t<\/a><!-- .post-thumbnail -->\n\t\t\t\t<div class=\"entry-content-wrap\">\n\t\t\t<header class=\"entry-header\">\n\t<h5 class=\"entry-title\"><a href=\"https:\/\/www.brainytoon.com\/se\/grodan-som-ville-bli-en-ko\/\" rel=\"bookmark\">Fabeln &#8221;Grodan som ville bli en ko&#8221;<\/a><\/h5><\/header><!-- .entry-header -->\n<footer class=\"entry-footer\">\n\t<\/footer><!-- .entry-footer -->\t\t<\/div>\n\t<\/article>\n<\/li>\n<li class=\"kb-post-list-item\">\n\t<article class=\"entry content-bg loop-entry post-4749 post type-post status-publish format-standard has-post-thumbnail hentry category-fabler-avsnitt\">\n\t\t\t\t<a aria-hidden=\"true\" tabindex=\"-1\" role=\"presentation\" class=\"post-thumbnail kadence-thumbnail-ratio-2-3\" href=\"https:\/\/www.brainytoon.com\/se\/grodorna-som-ville-ha-en-kung\/\" aria-label=\"Grodorna som ville ha en kung\">\n\t\t\t<div class=\"post-thumbnail-inner\">\n\t\t\t\t<img loading=\"lazy\" decoding=\"async\" width=\"768\" height=\"509\" src=\"https:\/\/www.brainytoon.com\/se\/wp-content\/uploads\/sites\/2\/2023\/07\/Grodorna-som-ville-ha-en-kung-768x509.png\" class=\"attachment-medium_large size-medium_large wp-post-image\" alt=\"Grodorna som ville ha en kung saga\" srcset=\"https:\/\/www.brainytoon.com\/se\/wp-content\/uploads\/sites\/2\/2023\/07\/Grodorna-som-ville-ha-en-kung-768x509.png 768w, https:\/\/www.brainytoon.com\/se\/wp-content\/uploads\/sites\/2\/2023\/07\/Grodorna-som-ville-ha-en-kung-300x199.png 300w, https:\/\/www.brainytoon.com\/se\/wp-content\/uploads\/sites\/2\/2023\/07\/Grodorna-som-ville-ha-en-kung.png 800w\" sizes=\"auto, (max-width: 768px) 100vw, 768px\" \/>\t\t\t<\/div>\n\t\t<\/a><!-- .post-thumbnail -->\n\t\t\t\t<div class=\"entry-content-wrap\">\n\t\t\t<header class=\"entry-header\">\n\t<h5 class=\"entry-title\"><a href=\"https:\/\/www.brainytoon.com\/se\/grodorna-som-ville-ha-en-kung\/\" rel=\"bookmark\">Grodorna som ville ha en kung<\/a><\/h5><\/header><!-- .entry-header -->\n<footer class=\"entry-footer\">\n\t<\/footer><!-- .entry-footer -->\t\t<\/div>\n\t<\/article>\n<\/li>\n<\/ul>","protected":false},"excerpt":{"rendered":"<p>Det var en g\u00e5ng en liten groda som hade en stor dr\u00f6m. Hon ville bli en&#8230;<\/p>\n","protected":false},"author":1,"featured_media":6300,"comment_status":"open","ping_status":"open","sticky":false,"template":"","format":"standard","meta":{"_kadence_starter_templates_imported_post":false,"_kad_post_transparent":"disable","_kad_post_title":"","_kad_post_layout":"","_kad_post_sidebar_id":"","_kad_post_content_style":"","_kad_post_vertical_padding":"","_kad_post_feature":"","_kad_post_feature_position":"","_kad_post_header":false,"_kad_post_footer":false,"_kad_post_classname":"","footnotes":""},"categories":[23],"tags":[],"class_list":["post-6295","post","type-post","status-publish","format-standard","has-post-thumbnail","hentry","category-fabler-avsnitt"],"yoast_head":"<!-- This site is optimized with the Yoast SEO plugin v27.5 - https:\/\/yoast.com\/product\/yoast-seo-wordpress\/ -->\n<title>Grodan som ville bli en ko<\/title>\n<meta name=\"description\" content=\"Den lilla grodan var tr\u00f6tt p\u00e5 att vara en groda. Hon dr\u00f6mde om att ist\u00e4llet bli en ko. L\u00e4s den klassiska fabeln &quot;Grodan som ville bli en ko&quot;.\" \/>\n<meta name=\"robots\" content=\"index, follow, max-snippet:-1, max-image-preview:large, max-video-preview:-1\" \/>\n<link rel=\"canonical\" href=\"https:\/\/www.brainytoon.com\/se\/grodan-som-ville-bli-en-ko\/\" \/>\n<meta property=\"og:locale\" content=\"sv_SE\" \/>\n<meta property=\"og:type\" content=\"article\" \/>\n<meta property=\"og:title\" content=\"Grodan som ville bli en ko\" \/>\n<meta property=\"og:description\" content=\"Den lilla grodan var tr\u00f6tt p\u00e5 att vara en groda. Hon dr\u00f6mde om att ist\u00e4llet bli en ko. L\u00e4s den klassiska fabeln &quot;Grodan som ville bli en ko&quot;.\" \/>\n<meta property=\"og:url\" content=\"https:\/\/www.brainytoon.com\/se\/grodan-som-ville-bli-en-ko\/\" \/>\n<meta property=\"og:site_name\" content=\"Brainytoon Sverige\" \/>\n<meta property=\"article:published_time\" content=\"2024-04-03T06:37:40+00:00\" \/>\n<meta property=\"article:modified_time\" content=\"2024-04-03T07:00:55+00:00\" \/>\n<meta property=\"og:image\" content=\"https:\/\/www.brainytoon.com\/se\/wp-content\/uploads\/sites\/2\/2024\/04\/grodan-som-ville-bli-kung.png\" \/>\n\t<meta property=\"og:image:width\" content=\"800\" \/>\n\t<meta property=\"og:image:height\" content=\"533\" \/>\n\t<meta property=\"og:image:type\" content=\"image\/png\" \/>\n<meta name=\"author\" content=\"brainytoon\" \/>\n<meta name=\"twitter:card\" content=\"summary_large_image\" \/>\n<script type=\"application\/ld+json\" class=\"yoast-schema-graph\">{\"@context\":\"https:\\\/\\\/schema.org\",\"@graph\":[{\"@type\":\"Article\",\"@id\":\"https:\\\/\\\/www.brainytoon.com\\\/se\\\/grodan-som-ville-bli-en-ko\\\/#article\",\"isPartOf\":{\"@id\":\"https:\\\/\\\/www.brainytoon.com\\\/se\\\/grodan-som-ville-bli-en-ko\\\/\"},\"author\":{\"name\":\"brainytoon\",\"@id\":\"https:\\\/\\\/www.brainytoon.com\\\/se\\\/#\\\/schema\\\/person\\\/47fe4526dad834ab57361fa85493e34b\"},\"headline\":\"Fabeln &#8221;Grodan som ville bli en ko&#8221;\",\"datePublished\":\"2024-04-03T06:37:40+00:00\",\"dateModified\":\"2024-04-03T07:00:55+00:00\",\"mainEntityOfPage\":{\"@id\":\"https:\\\/\\\/www.brainytoon.com\\\/se\\\/grodan-som-ville-bli-en-ko\\\/\"},\"wordCount\":428,\"commentCount\":0,\"publisher\":{\"@id\":\"https:\\\/\\\/www.brainytoon.com\\\/se\\\/#organization\"},\"image\":{\"@id\":\"https:\\\/\\\/www.brainytoon.com\\\/se\\\/grodan-som-ville-bli-en-ko\\\/#primaryimage\"},\"thumbnailUrl\":\"https:\\\/\\\/www.brainytoon.com\\\/se\\\/wp-content\\\/uploads\\\/sites\\\/2\\\/2024\\\/04\\\/grodan-som-ville-bli-kung.png\",\"articleSection\":[\"Aisopos Fabler\"],\"inLanguage\":\"sv-SE\",\"potentialAction\":[{\"@type\":\"CommentAction\",\"name\":\"Comment\",\"target\":[\"https:\\\/\\\/www.brainytoon.com\\\/se\\\/grodan-som-ville-bli-en-ko\\\/#respond\"]}]},{\"@type\":\"WebPage\",\"@id\":\"https:\\\/\\\/www.brainytoon.com\\\/se\\\/grodan-som-ville-bli-en-ko\\\/\",\"url\":\"https:\\\/\\\/www.brainytoon.com\\\/se\\\/grodan-som-ville-bli-en-ko\\\/\",\"name\":\"Grodan som ville bli en ko\",\"isPartOf\":{\"@id\":\"https:\\\/\\\/www.brainytoon.com\\\/se\\\/#website\"},\"primaryImageOfPage\":{\"@id\":\"https:\\\/\\\/www.brainytoon.com\\\/se\\\/grodan-som-ville-bli-en-ko\\\/#primaryimage\"},\"image\":{\"@id\":\"https:\\\/\\\/www.brainytoon.com\\\/se\\\/grodan-som-ville-bli-en-ko\\\/#primaryimage\"},\"thumbnailUrl\":\"https:\\\/\\\/www.brainytoon.com\\\/se\\\/wp-content\\\/uploads\\\/sites\\\/2\\\/2024\\\/04\\\/grodan-som-ville-bli-kung.png\",\"datePublished\":\"2024-04-03T06:37:40+00:00\",\"dateModified\":\"2024-04-03T07:00:55+00:00\",\"description\":\"Den lilla grodan var tr\u00f6tt p\u00e5 att vara en groda. Hon dr\u00f6mde om att ist\u00e4llet bli en ko. L\u00e4s den klassiska fabeln \\\"Grodan som ville bli en ko\\\".\",\"breadcrumb\":{\"@id\":\"https:\\\/\\\/www.brainytoon.com\\\/se\\\/grodan-som-ville-bli-en-ko\\\/#breadcrumb\"},\"inLanguage\":\"sv-SE\",\"potentialAction\":[{\"@type\":\"ReadAction\",\"target\":[\"https:\\\/\\\/www.brainytoon.com\\\/se\\\/grodan-som-ville-bli-en-ko\\\/\"]}]},{\"@type\":\"ImageObject\",\"inLanguage\":\"sv-SE\",\"@id\":\"https:\\\/\\\/www.brainytoon.com\\\/se\\\/grodan-som-ville-bli-en-ko\\\/#primaryimage\",\"url\":\"https:\\\/\\\/www.brainytoon.com\\\/se\\\/wp-content\\\/uploads\\\/sites\\\/2\\\/2024\\\/04\\\/grodan-som-ville-bli-kung.png\",\"contentUrl\":\"https:\\\/\\\/www.brainytoon.com\\\/se\\\/wp-content\\\/uploads\\\/sites\\\/2\\\/2024\\\/04\\\/grodan-som-ville-bli-kung.png\",\"width\":800,\"height\":533,\"caption\":\"Barnsagan grodan som ville bli kung\"},{\"@type\":\"BreadcrumbList\",\"@id\":\"https:\\\/\\\/www.brainytoon.com\\\/se\\\/grodan-som-ville-bli-en-ko\\\/#breadcrumb\",\"itemListElement\":[{\"@type\":\"ListItem\",\"position\":1,\"name\":\"Home\",\"item\":\"https:\\\/\\\/www.brainytoon.com\\\/se\\\/\"},{\"@type\":\"ListItem\",\"position\":2,\"name\":\"Fabeln &#8221;Grodan som ville bli en ko&#8221;\"}]},{\"@type\":\"WebSite\",\"@id\":\"https:\\\/\\\/www.brainytoon.com\\\/se\\\/#website\",\"url\":\"https:\\\/\\\/www.brainytoon.com\\\/se\\\/\",\"name\":\"Brainytoon Sverige\",\"description\":\"Pedagogiska ber\u00e4ttelser, sagor, b\u00f6cker, ljudb\u00f6cker och videor f\u00f6r barn\",\"publisher\":{\"@id\":\"https:\\\/\\\/www.brainytoon.com\\\/se\\\/#organization\"},\"potentialAction\":[{\"@type\":\"SearchAction\",\"target\":{\"@type\":\"EntryPoint\",\"urlTemplate\":\"https:\\\/\\\/www.brainytoon.com\\\/se\\\/?s={search_term_string}\"},\"query-input\":{\"@type\":\"PropertyValueSpecification\",\"valueRequired\":true,\"valueName\":\"search_term_string\"}}],\"inLanguage\":\"sv-SE\"},{\"@type\":\"Organization\",\"@id\":\"https:\\\/\\\/www.brainytoon.com\\\/se\\\/#organization\",\"name\":\"Brainytoon Sverige\",\"url\":\"https:\\\/\\\/www.brainytoon.com\\\/se\\\/\",\"logo\":{\"@type\":\"ImageObject\",\"inLanguage\":\"sv-SE\",\"@id\":\"https:\\\/\\\/www.brainytoon.com\\\/se\\\/#\\\/schema\\\/logo\\\/image\\\/\",\"url\":\"https:\\\/\\\/www.brainytoon.com\\\/se\\\/wp-content\\\/uploads\\\/sites\\\/2\\\/2026\\\/01\\\/brainytoon-edu.png\",\"contentUrl\":\"https:\\\/\\\/www.brainytoon.com\\\/se\\\/wp-content\\\/uploads\\\/sites\\\/2\\\/2026\\\/01\\\/brainytoon-edu.png\",\"width\":300,\"height\":100,\"caption\":\"Brainytoon Sverige\"},\"image\":{\"@id\":\"https:\\\/\\\/www.brainytoon.com\\\/se\\\/#\\\/schema\\\/logo\\\/image\\\/\"}},{\"@type\":\"Person\",\"@id\":\"https:\\\/\\\/www.brainytoon.com\\\/se\\\/#\\\/schema\\\/person\\\/47fe4526dad834ab57361fa85493e34b\",\"name\":\"brainytoon\",\"sameAs\":[\"http:\\\/\\\/www.brainytoon.com\"]}]}<\/script>\n<!-- \/ Yoast SEO plugin. -->","yoast_head_json":{"title":"Grodan som ville bli en ko","description":"Den lilla grodan var tr\u00f6tt p\u00e5 att vara en groda. Hon dr\u00f6mde om att ist\u00e4llet bli en ko. L\u00e4s den klassiska fabeln \"Grodan som ville bli en ko\".","robots":{"index":"index","follow":"follow","max-snippet":"max-snippet:-1","max-image-preview":"max-image-preview:large","max-video-preview":"max-video-preview:-1"},"canonical":"https:\/\/www.brainytoon.com\/se\/grodan-som-ville-bli-en-ko\/","og_locale":"sv_SE","og_type":"article","og_title":"Grodan som ville bli en ko","og_description":"Den lilla grodan var tr\u00f6tt p\u00e5 att vara en groda. Hon dr\u00f6mde om att ist\u00e4llet bli en ko. L\u00e4s den klassiska fabeln \"Grodan som ville bli en ko\".","og_url":"https:\/\/www.brainytoon.com\/se\/grodan-som-ville-bli-en-ko\/","og_site_name":"Brainytoon Sverige","article_published_time":"2024-04-03T06:37:40+00:00","article_modified_time":"2024-04-03T07:00:55+00:00","og_image":[{"width":800,"height":533,"url":"https:\/\/www.brainytoon.com\/se\/wp-content\/uploads\/sites\/2\/2024\/04\/grodan-som-ville-bli-kung.png","type":"image\/png"}],"author":"brainytoon","twitter_card":"summary_large_image","schema":{"@context":"https:\/\/schema.org","@graph":[{"@type":"Article","@id":"https:\/\/www.brainytoon.com\/se\/grodan-som-ville-bli-en-ko\/#article","isPartOf":{"@id":"https:\/\/www.brainytoon.com\/se\/grodan-som-ville-bli-en-ko\/"},"author":{"name":"brainytoon","@id":"https:\/\/www.brainytoon.com\/se\/#\/schema\/person\/47fe4526dad834ab57361fa85493e34b"},"headline":"Fabeln &#8221;Grodan som ville bli en ko&#8221;","datePublished":"2024-04-03T06:37:40+00:00","dateModified":"2024-04-03T07:00:55+00:00","mainEntityOfPage":{"@id":"https:\/\/www.brainytoon.com\/se\/grodan-som-ville-bli-en-ko\/"},"wordCount":428,"commentCount":0,"publisher":{"@id":"https:\/\/www.brainytoon.com\/se\/#organization"},"image":{"@id":"https:\/\/www.brainytoon.com\/se\/grodan-som-ville-bli-en-ko\/#primaryimage"},"thumbnailUrl":"https:\/\/www.brainytoon.com\/se\/wp-content\/uploads\/sites\/2\/2024\/04\/grodan-som-ville-bli-kung.png","articleSection":["Aisopos Fabler"],"inLanguage":"sv-SE","potentialAction":[{"@type":"CommentAction","name":"Comment","target":["https:\/\/www.brainytoon.com\/se\/grodan-som-ville-bli-en-ko\/#respond"]}]},{"@type":"WebPage","@id":"https:\/\/www.brainytoon.com\/se\/grodan-som-ville-bli-en-ko\/","url":"https:\/\/www.brainytoon.com\/se\/grodan-som-ville-bli-en-ko\/","name":"Grodan som ville bli en ko","isPartOf":{"@id":"https:\/\/www.brainytoon.com\/se\/#website"},"primaryImageOfPage":{"@id":"https:\/\/www.brainytoon.com\/se\/grodan-som-ville-bli-en-ko\/#primaryimage"},"image":{"@id":"https:\/\/www.brainytoon.com\/se\/grodan-som-ville-bli-en-ko\/#primaryimage"},"thumbnailUrl":"https:\/\/www.brainytoon.com\/se\/wp-content\/uploads\/sites\/2\/2024\/04\/grodan-som-ville-bli-kung.png","datePublished":"2024-04-03T06:37:40+00:00","dateModified":"2024-04-03T07:00:55+00:00","description":"Den lilla grodan var tr\u00f6tt p\u00e5 att vara en groda. Hon dr\u00f6mde om att ist\u00e4llet bli en ko. L\u00e4s den klassiska fabeln \"Grodan som ville bli en ko\".","breadcrumb":{"@id":"https:\/\/www.brainytoon.com\/se\/grodan-som-ville-bli-en-ko\/#breadcrumb"},"inLanguage":"sv-SE","potentialAction":[{"@type":"ReadAction","target":["https:\/\/www.brainytoon.com\/se\/grodan-som-ville-bli-en-ko\/"]}]},{"@type":"ImageObject","inLanguage":"sv-SE","@id":"https:\/\/www.brainytoon.com\/se\/grodan-som-ville-bli-en-ko\/#primaryimage","url":"https:\/\/www.brainytoon.com\/se\/wp-content\/uploads\/sites\/2\/2024\/04\/grodan-som-ville-bli-kung.png","contentUrl":"https:\/\/www.brainytoon.com\/se\/wp-content\/uploads\/sites\/2\/2024\/04\/grodan-som-ville-bli-kung.png","width":800,"height":533,"caption":"Barnsagan grodan som ville bli kung"},{"@type":"BreadcrumbList","@id":"https:\/\/www.brainytoon.com\/se\/grodan-som-ville-bli-en-ko\/#breadcrumb","itemListElement":[{"@type":"ListItem","position":1,"name":"Home","item":"https:\/\/www.brainytoon.com\/se\/"},{"@type":"ListItem","position":2,"name":"Fabeln &#8221;Grodan som ville bli en ko&#8221;"}]},{"@type":"WebSite","@id":"https:\/\/www.brainytoon.com\/se\/#website","url":"https:\/\/www.brainytoon.com\/se\/","name":"Brainytoon Sverige","description":"Pedagogiska ber\u00e4ttelser, sagor, b\u00f6cker, ljudb\u00f6cker och videor f\u00f6r barn","publisher":{"@id":"https:\/\/www.brainytoon.com\/se\/#organization"},"potentialAction":[{"@type":"SearchAction","target":{"@type":"EntryPoint","urlTemplate":"https:\/\/www.brainytoon.com\/se\/?s={search_term_string}"},"query-input":{"@type":"PropertyValueSpecification","valueRequired":true,"valueName":"search_term_string"}}],"inLanguage":"sv-SE"},{"@type":"Organization","@id":"https:\/\/www.brainytoon.com\/se\/#organization","name":"Brainytoon Sverige","url":"https:\/\/www.brainytoon.com\/se\/","logo":{"@type":"ImageObject","inLanguage":"sv-SE","@id":"https:\/\/www.brainytoon.com\/se\/#\/schema\/logo\/image\/","url":"https:\/\/www.brainytoon.com\/se\/wp-content\/uploads\/sites\/2\/2026\/01\/brainytoon-edu.png","contentUrl":"https:\/\/www.brainytoon.com\/se\/wp-content\/uploads\/sites\/2\/2026\/01\/brainytoon-edu.png","width":300,"height":100,"caption":"Brainytoon Sverige"},"image":{"@id":"https:\/\/www.brainytoon.com\/se\/#\/schema\/logo\/image\/"}},{"@type":"Person","@id":"https:\/\/www.brainytoon.com\/se\/#\/schema\/person\/47fe4526dad834ab57361fa85493e34b","name":"brainytoon","sameAs":["http:\/\/www.brainytoon.com"]}]}},"_links":{"self":[{"href":"https:\/\/www.brainytoon.com\/se\/wp-json\/wp\/v2\/posts\/6295","targetHints":{"allow":["GET"]}}],"collection":[{"href":"https:\/\/www.brainytoon.com\/se\/wp-json\/wp\/v2\/posts"}],"about":[{"href":"https:\/\/www.brainytoon.com\/se\/wp-json\/wp\/v2\/types\/post"}],"author":[{"embeddable":true,"href":"https:\/\/www.brainytoon.com\/se\/wp-json\/wp\/v2\/users\/1"}],"replies":[{"embeddable":true,"href":"https:\/\/www.brainytoon.com\/se\/wp-json\/wp\/v2\/comments?post=6295"}],"version-history":[{"count":7,"href":"https:\/\/www.brainytoon.com\/se\/wp-json\/wp\/v2\/posts\/6295\/revisions"}],"predecessor-version":[{"id":6304,"href":"https:\/\/www.brainytoon.com\/se\/wp-json\/wp\/v2\/posts\/6295\/revisions\/6304"}],"wp:featuredmedia":[{"embeddable":true,"href":"https:\/\/www.brainytoon.com\/se\/wp-json\/wp\/v2\/media\/6300"}],"wp:attachment":[{"href":"https:\/\/www.brainytoon.com\/se\/wp-json\/wp\/v2\/media?parent=6295"}],"wp:term":[{"taxonomy":"category","embeddable":true,"href":"https:\/\/www.brainytoon.com\/se\/wp-json\/wp\/v2\/categories?post=6295"},{"taxonomy":"post_tag","embeddable":true,"href":"https:\/\/www.brainytoon.com\/se\/wp-json\/wp\/v2\/tags?post=6295"}],"curies":[{"name":"wp","href":"https:\/\/api.w.org\/{rel}","templated":true}]}}