{"id":10959,"date":"2026-09-01T05:04:08","date_gmt":"2026-09-01T05:04:08","guid":{"rendered":"https:\/\/www.brainytoon.com\/se\/?p=10959"},"modified":"2026-09-01T05:19:56","modified_gmt":"2026-09-01T05:19:56","slug":"lara-barn-veckodagar","status":"publish","type":"post","link":"https:\/\/www.brainytoon.com\/se\/lara-barn-veckodagar\/","title":{"rendered":"L\u00e4ra barn veckodagarna med bildst\u00f6d och \u00f6vningar"},"content":{"rendered":"\n<p class=\"wp-block-paragraph\">Att l\u00e4ra sig veckodagarna hj\u00e4lper barn att f\u00f6rst\u00e5 tid, rutiner och hur veckan \u00e4r uppbyggd. F\u00f6r barn i f\u00f6rskola och \u00e5rskurs 1 blir det ofta l\u00e4ttare att komma ih\u00e5g dagarnas namn och ordning n\u00e4r undervisningen kombineras med bildst\u00f6d, samtal och enkla \u00f6vningar.<\/p>\n\n\n\n<div style=\"display:flex;justify-content:center;align-items:center;min-height:50vh;\">\n  <script async src=\"https:\/\/eomail6.com\/form\/20def1d4-a5c4-11f1-b566-2ba78b4355f8.js\" data-form=\"20def1d4-a5c4-11f1-b566-2ba78b4355f8\"><\/script>\n<\/div>\n\n\n\n<h2 class=\"wp-block-heading has-theme-palette-4-color has-text-color has-link-color has-medium-font-size wp-elements-1\"><strong>Anv\u00e4nd bildst\u00f6d f\u00f6r veckodagarna<\/strong><\/h2>\n\n\n\n<p class=\"wp-block-paragraph\">Bildst\u00f6d kan g\u00f6ra veckodagarna mer konkreta och l\u00e4ttare att f\u00f6rst\u00e5. Varje dag kan till exempel kopplas till en enkel bild som visar n\u00e5got barnet k\u00e4nner igen fr\u00e5n sin vardag.<\/p>\n\n\n<div class=\"wp-block-image\">\n<figure class=\"aligncenter size-medium is-resized\"><a href=\"https:\/\/www.brainytoon.com\/se\/wp-content\/uploads\/sites\/2\/2026\/09\/veckodagar-bildstod.png\" target=\"_blank\" rel=\" noopener\"><img loading=\"lazy\" decoding=\"async\" width=\"200\" height=\"300\" src=\"https:\/\/www.brainytoon.com\/se\/wp-content\/uploads\/sites\/2\/2026\/09\/veckodagar-bildstod-200x300.png\" alt=\"Bildst\u00f6d veckodagar\" class=\"wp-image-10970\" style=\"width:200px;height:auto\" srcset=\"https:\/\/www.brainytoon.com\/se\/wp-content\/uploads\/sites\/2\/2026\/09\/veckodagar-bildstod-200x300.png 200w, https:\/\/www.brainytoon.com\/se\/wp-content\/uploads\/sites\/2\/2026\/09\/veckodagar-bildstod-683x1024.png 683w, https:\/\/www.brainytoon.com\/se\/wp-content\/uploads\/sites\/2\/2026\/09\/veckodagar-bildstod-768x1152.png 768w, https:\/\/www.brainytoon.com\/se\/wp-content\/uploads\/sites\/2\/2026\/09\/veckodagar-bildstod.png 1000w\" sizes=\"auto, (max-width: 200px) 100vw, 200px\" \/><\/a><figcaption class=\"wp-element-caption\"><a href=\"https:\/\/www.brainytoon.com\/se\/wp-content\/uploads\/sites\/2\/2026\/09\/veckodagar-bildstod.png\" target=\"_blank\" rel=\"noreferrer noopener\">Skriv ut bildst\u00f6d<\/a><\/figcaption><\/figure>\n<\/div>\n\n\n<p class=\"wp-block-paragraph\">Det kan vara bilder f\u00f6r skola, idrott, utflykt, l\u00e4sning eller helg. P\u00e5 s\u00e5 s\u00e4tt f\u00e5r barnet hj\u00e4lp att koppla veckodagens namn till n\u00e5got som h\u00e4nder under veckan.<\/p>\n\n\n\n<p class=\"wp-block-paragraph\">Ett enkelt veckoschema med b\u00e5de ord och bilder kan anv\u00e4ndas b\u00e5de hemma och i klassrummet. Peka p\u00e5 dagens namn p\u00e5 morgonen och prata kort om vilken dag det \u00e4r och vad som ska h\u00e4nda under dagen.<\/p>\n\n\n\n<h2 class=\"wp-block-heading has-theme-palette-4-color has-text-color has-link-color has-medium-font-size wp-elements-2\"><strong>Tr\u00e4na p\u00e5 idag, ig\u00e5r och imorgon<\/strong><\/h2>\n\n\n\n<p class=\"wp-block-paragraph\">N\u00e4r barnet b\u00f6rjar k\u00e4nna igen veckodagarna kan ni \u00e4ven tr\u00e4na p\u00e5 begreppen idag, ig\u00e5r och imorgon.<\/p>\n\n\n\n<p class=\"wp-block-paragraph\">St\u00e4ll enkla fr\u00e5gor som:<\/p>\n\n\n\n<ul class=\"wp-block-list\">\n<li>Vilken dag \u00e4r det idag?<\/li>\n\n\n\n<li>Vilken dag var det ig\u00e5r?<\/li>\n\n\n\n<li>Vilken dag \u00e4r det imorgon?<\/li>\n\n\n\n<li>Vilken dag kommer efter torsdag?<\/li>\n\n\n\n<li>Vilken dag kommer f\u00f6re m\u00e5ndag?<\/li>\n<\/ul>\n\n\n\n<p class=\"wp-block-paragraph\">S\u00e5dana fr\u00e5gor hj\u00e4lper barnet att f\u00f6rst\u00e5 hur dagarna h\u00e4nger ihop, ist\u00e4llet f\u00f6r att bara l\u00e4ra sig veckodagarna utantill.<\/p>\n\n\n<div class=\"wp-block-image\">\n<figure class=\"aligncenter size-full has-custom-border\"><img loading=\"lazy\" decoding=\"async\" width=\"800\" height=\"533\" src=\"https:\/\/www.brainytoon.com\/se\/wp-content\/uploads\/sites\/2\/2026\/09\/veckor-barn.jpg\" alt=\"Veckans dagar f\u00f6r barn\" class=\"wp-image-10971\" style=\"border-top-left-radius:12px;border-top-right-radius:12px;border-bottom-left-radius:12px;border-bottom-right-radius:12px\" srcset=\"https:\/\/www.brainytoon.com\/se\/wp-content\/uploads\/sites\/2\/2026\/09\/veckor-barn.jpg 800w, https:\/\/www.brainytoon.com\/se\/wp-content\/uploads\/sites\/2\/2026\/09\/veckor-barn-767x511.jpg 767w, https:\/\/www.brainytoon.com\/se\/wp-content\/uploads\/sites\/2\/2026\/09\/veckor-barn-300x200.jpg 300w\" sizes=\"auto, (max-width: 800px) 100vw, 800px\" \/><\/figure>\n<\/div>\n\n\n<h2 class=\"wp-block-heading has-theme-palette-4-color has-text-color has-link-color has-medium-font-size wp-elements-3\"><strong>L\u00e4r genom lek och repetition<\/strong><\/h2>\n\n\n\n<p class=\"wp-block-paragraph\">Barn l\u00e4r sig ofta b\u00e4st n\u00e4r de f\u00e5r m\u00f6ta samma kunskap p\u00e5 flera olika s\u00e4tt. Veckodagarna kan tr\u00e4nas genom s\u00e5nger, bildkort, arbetsblad, spel och samtal.<\/p>\n\n\n\n<p class=\"wp-block-paragraph\">B\u00f6rja med att s\u00e4ga veckodagarna tillsammans. N\u00e4r dagarna b\u00f6rjar k\u00e4nnas bekanta kan barnet tr\u00e4na p\u00e5 att l\u00e4gga kort med veckodagarna i r\u00e4tt ordning, skriva dagarnas namn eller fundera p\u00e5 vilken dag som kommer f\u00f6re eller efter en viss veckodag.<\/p>\n\n\n\n<ul class=\"wp-block-list\">\n<li>l\u00e4gga veckodagarna i r\u00e4tt ordning<\/li>\n\n\n\n<li>matcha ord med bilder<\/li>\n\n\n\n<li>skriva eller sp\u00e5ra veckodagarnas namn<\/li>\n\n\n\n<li>ringa in dagens veckodag<\/li>\n\n\n\n<li>fylla i veckodagar som saknas<\/li>\n\n\n\n<li>skapa ett eget veckoschema med bilder<\/li>\n<\/ul>\n\n\n\n<p class=\"wp-block-paragraph\">Korta \u00f6vningar som \u00e5terkommer regelbundet g\u00f6r det l\u00e4ttare f\u00f6r barnet att bef\u00e4sta kunskapen.<\/p>\n\n\n\n<p class=\"wp-block-paragraph\">Veckans struktur blir l\u00e4ttare att f\u00f6rst\u00e5 n\u00e4r dagarna kopplas till s\u00e5dant barnet redan k\u00e4nner igen. <\/p>\n\n\n\n<p class=\"wp-block-paragraph\">Prata till exempel om vilken dag det \u00e4r idrott, n\u00e4r en viss aktivitet brukar \u00e4ga rum eller vilka dagar som h\u00f6r till helgen.<\/p>\n\n\n\n<p class=\"wp-block-paragraph\">Genom att arbeta med veckodagar och <a href=\"https:\/\/www.brainytoon.com\/se\/bildstod-forskolans-rutiner\/\">bildst\u00f6d<\/a> och l\u00e5ta barnet m\u00f6ta orden b\u00e5de muntligt och skriftligt blir det l\u00e4ttare att k\u00e4nna igen dagarna, komma ih\u00e5g r\u00e4tt ordning och f\u00f6rst\u00e5 hur veckan h\u00e4nger ihop.<\/p>\n\n\n<style>.kb-posts-id-10959_0d268b-a1 .loop-entry{background:transparent;box-shadow:none;}.kb-posts-id-10959_0d268b-a1 .loop-entry > .entry-content-wrap{padding:0px;}.kb-posts-id-10959_0d268b-a1 .loop-entry .post-thumbnail{margin-bottom:1em;}.kb-posts-id-10959_0d268b-a1 .kb-post-list-item{display:grid;}<\/style><ul class=\"wp-block-kadence-posts kb-posts kadence-posts-list kb-posts-id-10959_0d268b-a1 content-wrap grid-cols kb-posts-style-unboxed grid-sm-col-2 grid-lg-col-3 item-image-style-above\"><li class=\"kb-post-list-item\">\n\t<article class=\"entry content-bg loop-entry post-10853 post type-post status-publish format-standard has-post-thumbnail hentry category-arbetsblad-och-mallar\">\n\t\t\t\t<a aria-hidden=\"true\" tabindex=\"-1\" role=\"presentation\" class=\"post-thumbnail kadence-thumbnail-ratio-2-3\" href=\"https:\/\/www.brainytoon.com\/se\/trana-alfabetet\/\" aria-label=\"Tr\u00e4na p\u00e5 alfabetet med Bokstavsjakten\">\n\t\t\t<div class=\"post-thumbnail-inner\">\n\t\t\t\t<img loading=\"lazy\" decoding=\"async\" width=\"768\" height=\"512\" src=\"https:\/\/www.brainytoon.com\/se\/wp-content\/uploads\/sites\/2\/2026\/08\/alfabetet-trana-forskola-768x512.jpg\" class=\"attachment-medium_large size-medium_large wp-post-image\" alt=\"Tr\u00e4na alfabetet\u200b i skolan och hemmaa\" srcset=\"https:\/\/www.brainytoon.com\/se\/wp-content\/uploads\/sites\/2\/2026\/08\/alfabetet-trana-forskola-768x512.jpg 768w, https:\/\/www.brainytoon.com\/se\/wp-content\/uploads\/sites\/2\/2026\/08\/alfabetet-trana-forskola-300x200.jpg 300w, https:\/\/www.brainytoon.com\/se\/wp-content\/uploads\/sites\/2\/2026\/08\/alfabetet-trana-forskola.jpg 800w\" sizes=\"auto, (max-width: 768px) 100vw, 768px\" \/>\t\t\t<\/div>\n\t\t<\/a><!-- .post-thumbnail -->\n\t\t\t\t<div class=\"entry-content-wrap\">\n\t\t\t<header class=\"entry-header\">\n\t<h6 class=\"entry-title\"><a href=\"https:\/\/www.brainytoon.com\/se\/trana-alfabetet\/\" rel=\"bookmark\">Tr\u00e4na p\u00e5 alfabetet med Bokstavsjakten<\/a><\/h6><\/header><!-- .entry-header -->\n<footer class=\"entry-footer\">\n\t<\/footer><!-- .entry-footer -->\t\t<\/div>\n\t<\/article>\n<\/li>\n<li class=\"kb-post-list-item\">\n\t<article class=\"entry content-bg loop-entry post-8059 post type-post status-publish format-standard has-post-thumbnail hentry category-arbetsblad-och-mallar\">\n\t\t\t\t<a aria-hidden=\"true\" tabindex=\"-1\" role=\"presentation\" class=\"post-thumbnail kadence-thumbnail-ratio-2-3\" href=\"https:\/\/www.brainytoon.com\/se\/skelettet-fakta-barn\/\" aria-label=\"Arbetsblad och fakta om skelettet f\u00f6r barn\">\n\t\t\t<div class=\"post-thumbnail-inner\">\n\t\t\t\t<img loading=\"lazy\" decoding=\"async\" width=\"768\" height=\"512\" src=\"https:\/\/www.brainytoon.com\/se\/wp-content\/uploads\/sites\/2\/2025\/01\/skelettet-fakta-barn-768x512.png\" class=\"attachment-medium_large size-medium_large wp-post-image\" alt=\"Skelettet fakta f\u00f6r barn\" srcset=\"https:\/\/www.brainytoon.com\/se\/wp-content\/uploads\/sites\/2\/2025\/01\/skelettet-fakta-barn-768x512.png 768w, https:\/\/www.brainytoon.com\/se\/wp-content\/uploads\/sites\/2\/2025\/01\/skelettet-fakta-barn-300x200.png 300w, https:\/\/www.brainytoon.com\/se\/wp-content\/uploads\/sites\/2\/2025\/01\/skelettet-fakta-barn.png 800w\" sizes=\"auto, (max-width: 768px) 100vw, 768px\" \/>\t\t\t<\/div>\n\t\t<\/a><!-- .post-thumbnail -->\n\t\t\t\t<div class=\"entry-content-wrap\">\n\t\t\t<header class=\"entry-header\">\n\t<h6 class=\"entry-title\"><a href=\"https:\/\/www.brainytoon.com\/se\/skelettet-fakta-barn\/\" rel=\"bookmark\">Arbetsblad och fakta om skelettet f\u00f6r barn<\/a><\/h6><\/header><!-- .entry-header -->\n<footer class=\"entry-footer\">\n\t<\/footer><!-- .entry-footer -->\t\t<\/div>\n\t<\/article>\n<\/li>\n<li class=\"kb-post-list-item\">\n\t<article class=\"entry content-bg loop-entry post-4510 post type-post status-publish format-standard has-post-thumbnail hentry category-arbetsblad-och-mallar\">\n\t\t\t\t<a aria-hidden=\"true\" tabindex=\"-1\" role=\"presentation\" class=\"post-thumbnail kadence-thumbnail-ratio-2-3\" href=\"https:\/\/www.brainytoon.com\/se\/kanslor-bilder-for-barn\/\" aria-label=\"Bildst\u00f6d f\u00f6r k\u00e4nslor: Skriv ut bilder som beskriver k\u00e4nslor f\u00f6r barn\">\n\t\t\t<div class=\"post-thumbnail-inner\">\n\t\t\t\t<img loading=\"lazy\" decoding=\"async\" width=\"768\" height=\"509\" src=\"https:\/\/www.brainytoon.com\/se\/wp-content\/uploads\/sites\/2\/2023\/05\/kanslor-bilder-for-barn-768x509.png\" class=\"attachment-medium_large size-medium_large wp-post-image\" alt=\"Bildst\u00f6d f\u00f6r k\u00e4nslor: Skriv ut bilder som beskriver k\u00e4nslor f\u00f6r barn\" srcset=\"https:\/\/www.brainytoon.com\/se\/wp-content\/uploads\/sites\/2\/2023\/05\/kanslor-bilder-for-barn-768x509.png 768w, https:\/\/www.brainytoon.com\/se\/wp-content\/uploads\/sites\/2\/2023\/05\/kanslor-bilder-for-barn-300x199.png 300w, https:\/\/www.brainytoon.com\/se\/wp-content\/uploads\/sites\/2\/2023\/05\/kanslor-bilder-for-barn.png 800w\" sizes=\"auto, (max-width: 768px) 100vw, 768px\" \/>\t\t\t<\/div>\n\t\t<\/a><!-- .post-thumbnail -->\n\t\t\t\t<div class=\"entry-content-wrap\">\n\t\t\t<header class=\"entry-header\">\n\t<h6 class=\"entry-title\"><a href=\"https:\/\/www.brainytoon.com\/se\/kanslor-bilder-for-barn\/\" rel=\"bookmark\">Bildst\u00f6d f\u00f6r k\u00e4nslor: Skriv ut bilder som beskriver k\u00e4nslor f\u00f6r barn<\/a><\/h6><\/header><!-- .entry-header -->\n<footer class=\"entry-footer\">\n\t<\/footer><!-- .entry-footer -->\t\t<\/div>\n\t<\/article>\n<\/li>\n<\/ul>","protected":false},"excerpt":{"rendered":"<p>Att l\u00e4ra sig veckodagarna hj\u00e4lper barn att f\u00f6rst\u00e5 tid, rutiner och hur veckan \u00e4r uppbyggd. F\u00f6r&#8230;<\/p>\n","protected":false},"author":1,"featured_media":10971,"comment_status":"closed","ping_status":"closed","sticky":false,"template":"","format":"standard","meta":{"_kadence_starter_templates_imported_post":false,"_kad_post_transparent":"disable","_kad_post_title":"","_kad_post_layout":"","_kad_post_sidebar_id":"","_kad_post_content_style":"","_kad_post_vertical_padding":"","_kad_post_feature":"","_kad_post_feature_position":"","_kad_post_header":false,"_kad_post_footer":false,"_kad_post_classname":"","footnotes":""},"categories":[19],"tags":[],"class_list":["post-10959","post","type-post","status-publish","format-standard","has-post-thumbnail","hentry","category-arbetsblad-och-mallar"],"yoast_head":"<!-- This site is optimized with the Yoast SEO plugin v28.3 - https:\/\/yoast.com\/product\/yoast-seo-wordpress\/ -->\n<title>L\u00e4ra barn veckodagar med bildst\u00f6d och \u00f6vningar<\/title>\n<meta name=\"description\" content=\"L\u00e4ra barn veckodagarna med bildst\u00f6d, enkla \u00f6vningar och arbetsblad som passar b\u00e5de hemma och i klassrummet.\" \/>\n<meta name=\"robots\" content=\"index, follow, max-snippet:-1, max-image-preview:large, max-video-preview:-1\" \/>\n<link rel=\"canonical\" href=\"https:\/\/www.brainytoon.com\/se\/lara-barn-veckodagar\/\" \/>\n<meta property=\"og:locale\" content=\"sv_SE\" \/>\n<meta property=\"og:type\" content=\"article\" \/>\n<meta property=\"og:title\" content=\"L\u00e4ra barn veckodagar med bildst\u00f6d och \u00f6vningar\" \/>\n<meta property=\"og:description\" content=\"L\u00e4ra barn veckodagarna med bildst\u00f6d, enkla \u00f6vningar och arbetsblad som passar b\u00e5de hemma och i klassrummet.\" \/>\n<meta property=\"og:url\" content=\"https:\/\/www.brainytoon.com\/se\/lara-barn-veckodagar\/\" \/>\n<meta property=\"og:site_name\" content=\"Brainytoon Sverige\" \/>\n<meta property=\"article:published_time\" content=\"2026-09-01T05:04:08+00:00\" \/>\n<meta property=\"article:modified_time\" content=\"2026-09-01T05:19:56+00:00\" \/>\n<meta property=\"og:image\" content=\"https:\/\/www.brainytoon.com\/se\/wp-content\/uploads\/sites\/2\/2026\/09\/veckor-barn.jpg\" \/>\n\t<meta property=\"og:image:width\" content=\"800\" \/>\n\t<meta property=\"og:image:height\" content=\"533\" \/>\n\t<meta property=\"og:image:type\" content=\"image\/jpeg\" \/>\n<meta name=\"author\" content=\"brainytoon\" \/>\n<meta name=\"twitter:card\" content=\"summary_large_image\" \/>\n<script type=\"application\/ld+json\" class=\"yoast-schema-graph\">{\"@context\":\"https:\\\/\\\/schema.org\",\"@graph\":[{\"@type\":\"Article\",\"@id\":\"https:\\\/\\\/www.brainytoon.com\\\/se\\\/lara-barn-veckodagar\\\/#article\",\"isPartOf\":{\"@id\":\"https:\\\/\\\/www.brainytoon.com\\\/se\\\/lara-barn-veckodagar\\\/\"},\"author\":{\"name\":\"brainytoon\",\"@id\":\"https:\\\/\\\/www.brainytoon.com\\\/se\\\/#\\\/schema\\\/person\\\/47fe4526dad834ab57361fa85493e34b\"},\"headline\":\"L\u00e4ra barn veckodagarna med bildst\u00f6d och \u00f6vningar\",\"datePublished\":\"2026-09-01T05:04:08+00:00\",\"dateModified\":\"2026-09-01T05:19:56+00:00\",\"mainEntityOfPage\":{\"@id\":\"https:\\\/\\\/www.brainytoon.com\\\/se\\\/lara-barn-veckodagar\\\/\"},\"wordCount\":493,\"publisher\":{\"@id\":\"https:\\\/\\\/www.brainytoon.com\\\/se\\\/#organization\"},\"image\":{\"@id\":\"https:\\\/\\\/www.brainytoon.com\\\/se\\\/lara-barn-veckodagar\\\/#primaryimage\"},\"thumbnailUrl\":\"https:\\\/\\\/www.brainytoon.com\\\/se\\\/wp-content\\\/uploads\\\/sites\\\/2\\\/2026\\\/09\\\/veckor-barn.jpg\",\"articleSection\":[\"Arbetsblad och mallar\"],\"inLanguage\":\"sv-SE\"},{\"@type\":\"WebPage\",\"@id\":\"https:\\\/\\\/www.brainytoon.com\\\/se\\\/lara-barn-veckodagar\\\/\",\"url\":\"https:\\\/\\\/www.brainytoon.com\\\/se\\\/lara-barn-veckodagar\\\/\",\"name\":\"L\u00e4ra barn veckodagar med bildst\u00f6d och \u00f6vningar\",\"isPartOf\":{\"@id\":\"https:\\\/\\\/www.brainytoon.com\\\/se\\\/#website\"},\"primaryImageOfPage\":{\"@id\":\"https:\\\/\\\/www.brainytoon.com\\\/se\\\/lara-barn-veckodagar\\\/#primaryimage\"},\"image\":{\"@id\":\"https:\\\/\\\/www.brainytoon.com\\\/se\\\/lara-barn-veckodagar\\\/#primaryimage\"},\"thumbnailUrl\":\"https:\\\/\\\/www.brainytoon.com\\\/se\\\/wp-content\\\/uploads\\\/sites\\\/2\\\/2026\\\/09\\\/veckor-barn.jpg\",\"datePublished\":\"2026-09-01T05:04:08+00:00\",\"dateModified\":\"2026-09-01T05:19:56+00:00\",\"description\":\"L\u00e4ra barn veckodagarna med bildst\u00f6d, enkla \u00f6vningar och arbetsblad som passar b\u00e5de hemma och i klassrummet.\",\"breadcrumb\":{\"@id\":\"https:\\\/\\\/www.brainytoon.com\\\/se\\\/lara-barn-veckodagar\\\/#breadcrumb\"},\"inLanguage\":\"sv-SE\",\"potentialAction\":[{\"@type\":\"ReadAction\",\"target\":[\"https:\\\/\\\/www.brainytoon.com\\\/se\\\/lara-barn-veckodagar\\\/\"]}]},{\"@type\":\"ImageObject\",\"inLanguage\":\"sv-SE\",\"@id\":\"https:\\\/\\\/www.brainytoon.com\\\/se\\\/lara-barn-veckodagar\\\/#primaryimage\",\"url\":\"https:\\\/\\\/www.brainytoon.com\\\/se\\\/wp-content\\\/uploads\\\/sites\\\/2\\\/2026\\\/09\\\/veckor-barn.jpg\",\"contentUrl\":\"https:\\\/\\\/www.brainytoon.com\\\/se\\\/wp-content\\\/uploads\\\/sites\\\/2\\\/2026\\\/09\\\/veckor-barn.jpg\",\"width\":800,\"height\":533,\"caption\":\"Veckans dagar f\u00f6r barn\"},{\"@type\":\"BreadcrumbList\",\"@id\":\"https:\\\/\\\/www.brainytoon.com\\\/se\\\/lara-barn-veckodagar\\\/#breadcrumb\",\"itemListElement\":[{\"@type\":\"ListItem\",\"position\":1,\"name\":\"Home\",\"item\":\"https:\\\/\\\/www.brainytoon.com\\\/se\\\/\"},{\"@type\":\"ListItem\",\"position\":2,\"name\":\"L\u00e4ra barn veckodagarna med bildst\u00f6d och \u00f6vningar\"}]},{\"@type\":\"WebSite\",\"@id\":\"https:\\\/\\\/www.brainytoon.com\\\/se\\\/#website\",\"url\":\"https:\\\/\\\/www.brainytoon.com\\\/se\\\/\",\"name\":\"Brainytoon Sverige\",\"description\":\"Pedagogiska ber\u00e4ttelser, sagor, b\u00f6cker, ljudb\u00f6cker och videor f\u00f6r barn\",\"publisher\":{\"@id\":\"https:\\\/\\\/www.brainytoon.com\\\/se\\\/#organization\"},\"potentialAction\":[{\"@type\":\"SearchAction\",\"target\":{\"@type\":\"EntryPoint\",\"urlTemplate\":\"https:\\\/\\\/www.brainytoon.com\\\/se\\\/?s={search_term_string}\"},\"query-input\":{\"@type\":\"PropertyValueSpecification\",\"valueRequired\":true,\"valueName\":\"search_term_string\"}}],\"inLanguage\":\"sv-SE\"},{\"@type\":\"Organization\",\"@id\":\"https:\\\/\\\/www.brainytoon.com\\\/se\\\/#organization\",\"name\":\"Brainytoon Sverige\",\"url\":\"https:\\\/\\\/www.brainytoon.com\\\/se\\\/\",\"logo\":{\"@type\":\"ImageObject\",\"inLanguage\":\"sv-SE\",\"@id\":\"https:\\\/\\\/www.brainytoon.com\\\/se\\\/#\\\/schema\\\/logo\\\/image\\\/\",\"url\":\"https:\\\/\\\/www.brainytoon.com\\\/se\\\/wp-content\\\/uploads\\\/sites\\\/2\\\/2026\\\/01\\\/brainytoon-edu.png\",\"contentUrl\":\"https:\\\/\\\/www.brainytoon.com\\\/se\\\/wp-content\\\/uploads\\\/sites\\\/2\\\/2026\\\/01\\\/brainytoon-edu.png\",\"width\":300,\"height\":100,\"caption\":\"Brainytoon Sverige\"},\"image\":{\"@id\":\"https:\\\/\\\/www.brainytoon.com\\\/se\\\/#\\\/schema\\\/logo\\\/image\\\/\"}},{\"@type\":\"Person\",\"@id\":\"https:\\\/\\\/www.brainytoon.com\\\/se\\\/#\\\/schema\\\/person\\\/47fe4526dad834ab57361fa85493e34b\",\"name\":\"brainytoon\",\"sameAs\":[\"http:\\\/\\\/www.brainytoon.com\"]}]}<\/script>\n<!-- \/ Yoast SEO plugin. -->","yoast_head_json":{"title":"L\u00e4ra barn veckodagar med bildst\u00f6d och \u00f6vningar","description":"L\u00e4ra barn veckodagarna med bildst\u00f6d, enkla \u00f6vningar och arbetsblad som passar b\u00e5de hemma och i klassrummet.","robots":{"index":"index","follow":"follow","max-snippet":"max-snippet:-1","max-image-preview":"max-image-preview:large","max-video-preview":"max-video-preview:-1"},"canonical":"https:\/\/www.brainytoon.com\/se\/lara-barn-veckodagar\/","og_locale":"sv_SE","og_type":"article","og_title":"L\u00e4ra barn veckodagar med bildst\u00f6d och \u00f6vningar","og_description":"L\u00e4ra barn veckodagarna med bildst\u00f6d, enkla \u00f6vningar och arbetsblad som passar b\u00e5de hemma och i klassrummet.","og_url":"https:\/\/www.brainytoon.com\/se\/lara-barn-veckodagar\/","og_site_name":"Brainytoon Sverige","article_published_time":"2026-09-01T05:04:08+00:00","article_modified_time":"2026-09-01T05:19:56+00:00","og_image":[{"width":800,"height":533,"url":"https:\/\/www.brainytoon.com\/se\/wp-content\/uploads\/sites\/2\/2026\/09\/veckor-barn.jpg","type":"image\/jpeg"}],"author":"brainytoon","twitter_card":"summary_large_image","schema":{"@context":"https:\/\/schema.org","@graph":[{"@type":"Article","@id":"https:\/\/www.brainytoon.com\/se\/lara-barn-veckodagar\/#article","isPartOf":{"@id":"https:\/\/www.brainytoon.com\/se\/lara-barn-veckodagar\/"},"author":{"name":"brainytoon","@id":"https:\/\/www.brainytoon.com\/se\/#\/schema\/person\/47fe4526dad834ab57361fa85493e34b"},"headline":"L\u00e4ra barn veckodagarna med bildst\u00f6d och \u00f6vningar","datePublished":"2026-09-01T05:04:08+00:00","dateModified":"2026-09-01T05:19:56+00:00","mainEntityOfPage":{"@id":"https:\/\/www.brainytoon.com\/se\/lara-barn-veckodagar\/"},"wordCount":493,"publisher":{"@id":"https:\/\/www.brainytoon.com\/se\/#organization"},"image":{"@id":"https:\/\/www.brainytoon.com\/se\/lara-barn-veckodagar\/#primaryimage"},"thumbnailUrl":"https:\/\/www.brainytoon.com\/se\/wp-content\/uploads\/sites\/2\/2026\/09\/veckor-barn.jpg","articleSection":["Arbetsblad och mallar"],"inLanguage":"sv-SE"},{"@type":"WebPage","@id":"https:\/\/www.brainytoon.com\/se\/lara-barn-veckodagar\/","url":"https:\/\/www.brainytoon.com\/se\/lara-barn-veckodagar\/","name":"L\u00e4ra barn veckodagar med bildst\u00f6d och \u00f6vningar","isPartOf":{"@id":"https:\/\/www.brainytoon.com\/se\/#website"},"primaryImageOfPage":{"@id":"https:\/\/www.brainytoon.com\/se\/lara-barn-veckodagar\/#primaryimage"},"image":{"@id":"https:\/\/www.brainytoon.com\/se\/lara-barn-veckodagar\/#primaryimage"},"thumbnailUrl":"https:\/\/www.brainytoon.com\/se\/wp-content\/uploads\/sites\/2\/2026\/09\/veckor-barn.jpg","datePublished":"2026-09-01T05:04:08+00:00","dateModified":"2026-09-01T05:19:56+00:00","description":"L\u00e4ra barn veckodagarna med bildst\u00f6d, enkla \u00f6vningar och arbetsblad som passar b\u00e5de hemma och i klassrummet.","breadcrumb":{"@id":"https:\/\/www.brainytoon.com\/se\/lara-barn-veckodagar\/#breadcrumb"},"inLanguage":"sv-SE","potentialAction":[{"@type":"ReadAction","target":["https:\/\/www.brainytoon.com\/se\/lara-barn-veckodagar\/"]}]},{"@type":"ImageObject","inLanguage":"sv-SE","@id":"https:\/\/www.brainytoon.com\/se\/lara-barn-veckodagar\/#primaryimage","url":"https:\/\/www.brainytoon.com\/se\/wp-content\/uploads\/sites\/2\/2026\/09\/veckor-barn.jpg","contentUrl":"https:\/\/www.brainytoon.com\/se\/wp-content\/uploads\/sites\/2\/2026\/09\/veckor-barn.jpg","width":800,"height":533,"caption":"Veckans dagar f\u00f6r barn"},{"@type":"BreadcrumbList","@id":"https:\/\/www.brainytoon.com\/se\/lara-barn-veckodagar\/#breadcrumb","itemListElement":[{"@type":"ListItem","position":1,"name":"Home","item":"https:\/\/www.brainytoon.com\/se\/"},{"@type":"ListItem","position":2,"name":"L\u00e4ra barn veckodagarna med bildst\u00f6d och \u00f6vningar"}]},{"@type":"WebSite","@id":"https:\/\/www.brainytoon.com\/se\/#website","url":"https:\/\/www.brainytoon.com\/se\/","name":"Brainytoon Sverige","description":"Pedagogiska ber\u00e4ttelser, sagor, b\u00f6cker, ljudb\u00f6cker och videor f\u00f6r barn","publisher":{"@id":"https:\/\/www.brainytoon.com\/se\/#organization"},"potentialAction":[{"@type":"SearchAction","target":{"@type":"EntryPoint","urlTemplate":"https:\/\/www.brainytoon.com\/se\/?s={search_term_string}"},"query-input":{"@type":"PropertyValueSpecification","valueRequired":true,"valueName":"search_term_string"}}],"inLanguage":"sv-SE"},{"@type":"Organization","@id":"https:\/\/www.brainytoon.com\/se\/#organization","name":"Brainytoon Sverige","url":"https:\/\/www.brainytoon.com\/se\/","logo":{"@type":"ImageObject","inLanguage":"sv-SE","@id":"https:\/\/www.brainytoon.com\/se\/#\/schema\/logo\/image\/","url":"https:\/\/www.brainytoon.com\/se\/wp-content\/uploads\/sites\/2\/2026\/01\/brainytoon-edu.png","contentUrl":"https:\/\/www.brainytoon.com\/se\/wp-content\/uploads\/sites\/2\/2026\/01\/brainytoon-edu.png","width":300,"height":100,"caption":"Brainytoon Sverige"},"image":{"@id":"https:\/\/www.brainytoon.com\/se\/#\/schema\/logo\/image\/"}},{"@type":"Person","@id":"https:\/\/www.brainytoon.com\/se\/#\/schema\/person\/47fe4526dad834ab57361fa85493e34b","name":"brainytoon","sameAs":["http:\/\/www.brainytoon.com"]}]}},"_links":{"self":[{"href":"https:\/\/www.brainytoon.com\/se\/wp-json\/wp\/v2\/posts\/10959","targetHints":{"allow":["GET"]}}],"collection":[{"href":"https:\/\/www.brainytoon.com\/se\/wp-json\/wp\/v2\/posts"}],"about":[{"href":"https:\/\/www.brainytoon.com\/se\/wp-json\/wp\/v2\/types\/post"}],"author":[{"embeddable":true,"href":"https:\/\/www.brainytoon.com\/se\/wp-json\/wp\/v2\/users\/1"}],"replies":[{"embeddable":true,"href":"https:\/\/www.brainytoon.com\/se\/wp-json\/wp\/v2\/comments?post=10959"}],"version-history":[{"count":16,"href":"https:\/\/www.brainytoon.com\/se\/wp-json\/wp\/v2\/posts\/10959\/revisions"}],"predecessor-version":[{"id":10980,"href":"https:\/\/www.brainytoon.com\/se\/wp-json\/wp\/v2\/posts\/10959\/revisions\/10980"}],"wp:featuredmedia":[{"embeddable":true,"href":"https:\/\/www.brainytoon.com\/se\/wp-json\/wp\/v2\/media\/10971"}],"wp:attachment":[{"href":"https:\/\/www.brainytoon.com\/se\/wp-json\/wp\/v2\/media?parent=10959"}],"wp:term":[{"taxonomy":"category","embeddable":true,"href":"https:\/\/www.brainytoon.com\/se\/wp-json\/wp\/v2\/categories?post=10959"},{"taxonomy":"post_tag","embeddable":true,"href":"https:\/\/www.brainytoon.com\/se\/wp-json\/wp\/v2\/tags?post=10959"}],"curies":[{"name":"wp","href":"https:\/\/api.w.org\/{rel}","templated":true}]}}