{"id":911,"date":"2025-08-08T19:38:37","date_gmt":"2025-08-08T19:38:37","guid":{"rendered":"https:\/\/www.brainytoon.com\/de\/?p=911"},"modified":"2025-08-08T19:51:42","modified_gmt":"2025-08-08T19:51:42","slug":"farben-thema-kindergarten","status":"publish","type":"post","link":"https:\/\/www.brainytoon.com\/de\/farben-thema-kindergarten\/","title":{"rendered":"Farben Thema im Kindergarten: Kreative Farb\u00fcbungen und Aktivit\u00e4ten f\u00fcr Kinder"},"content":{"rendered":"\n<p>Das Thema Farben im Kindergarten ist eine tolle M\u00f6glichkeit, Kindern zu vermitteln, wie Farben miteinander in Beziehung stehen. <\/p>\n\n\n\n<p>Der Farbkreis zeigt die Verbindungen zwischen den Farben, mit den drei Prim\u00e4rfarben: Rot, Blau und Gelb, die nicht durch das Mischen anderer Farben erzeugt werden k\u00f6nnen.<\/p>\n\n\n\n<p>Sekund\u00e4rfarben wie Orange, Gr\u00fcn und Lila entstehen durch das Mischen zweier Prim\u00e4rfarben. <\/p>\n\n\n<div class=\"wp-block-image\">\n<figure class=\"aligncenter size-medium\"><a href=\"https:\/\/www.brainytoon.com\/de\/wp-content\/uploads\/sites\/3\/2025\/08\/farben-arbeitsblatt-kindergarten.pdf\" target=\"_blank\" rel=\" noreferrer noopener\"><img loading=\"lazy\" decoding=\"async\" width=\"232\" height=\"300\" src=\"https:\/\/www.brainytoon.com\/de\/wp-content\/uploads\/sites\/3\/2025\/08\/thema-farben-kindergarten--232x300.png\" alt=\"Farben Thema im Kindergarten\" class=\"wp-image-913\" srcset=\"https:\/\/www.brainytoon.com\/de\/wp-content\/uploads\/sites\/3\/2025\/08\/thema-farben-kindergarten--232x300.png 232w, https:\/\/www.brainytoon.com\/de\/wp-content\/uploads\/sites\/3\/2025\/08\/thema-farben-kindergarten--791x1024.png 791w, https:\/\/www.brainytoon.com\/de\/wp-content\/uploads\/sites\/3\/2025\/08\/thema-farben-kindergarten--768x994.png 768w, https:\/\/www.brainytoon.com\/de\/wp-content\/uploads\/sites\/3\/2025\/08\/thema-farben-kindergarten--1187x1536.png 1187w, https:\/\/www.brainytoon.com\/de\/wp-content\/uploads\/sites\/3\/2025\/08\/thema-farben-kindergarten-.png 1545w\" sizes=\"auto, (max-width: 232px) 100vw, 232px\" \/><\/a><figcaption class=\"wp-element-caption\"><a href=\"https:\/\/www.brainytoon.com\/de\/wp-content\/uploads\/sites\/3\/2025\/08\/farben-arbeitsblatt-kindergarten.pdf\" target=\"_blank\" rel=\"noreferrer noopener\">Drucke Arbeitsblatt<\/a><\/figcaption><\/figure>\n<\/div>\n\n\n<p>Komplement\u00e4rfarben sind die Farben, die sich auf dem Farbkreis gegen\u00fcberliegen, wie Rot und Gr\u00fcn. Sie stehen im Kontrast zueinander, erg\u00e4nzen sich jedoch gleichzeitig.<\/p>\n\n\n\n<p>Analoge Farben wie Blau, Blaugr\u00fcn und Gr\u00fcn liegen nebeneinander auf dem Farbkreis und harmonieren gut miteinander.<\/p>\n\n\n\n<p>Warme Farben wie Rot, Orange und Gelb sind lebendig und energiegeladen, w\u00e4hrend kalte Farben wie Blau, Gr\u00fcn und Lila beruhigend wirken. <\/p>\n\n\n\n<p>Die Kombination dieser warmen und kalten Farbt\u00f6ne schafft visuelles Interesse und f\u00f6rdert die Kreativit\u00e4t der Kinder.<\/p>\n\n\n\n<p><strong>\u00dcbungen zur Entdeckung von Farben<\/strong><\/p>\n\n\n\n<p>Drucken Sie unser Arbeitsblatt mit dem Farbkreis aus und \u00fcben Sie gemeinsam zu Hause oder im Farben-Thema Kindergarten.<\/p>\n\n\n\n<p><strong>Die Prim\u00e4rfarben den Kindern n\u00e4herbringen<\/strong><\/p>\n\n\n\n<p>Um das Farben Thema Kindergarten einzuf\u00fchren, starten Sie mit den drei Prim\u00e4rfarben: Rot, Blau und Gelb. Diese Farben bilden die Grundlage, um alle anderen Farben zu erschaffen.<\/p>\n\n\n\n<p><strong>Rot<\/strong><\/p>\n\n\n\n<p>Rot ist eine warme und lebendige Farbe, die mit Leidenschaft und Energie verbunden wird. Zeigen Sie den Kindern rote Objekte wie \u00c4pfel, Erdbeeren, Feuerwehrautos und Stoppschilder. Ermutigen Sie die Kinder, rote Dinge zu erkennen, sowohl im Kindergarten als auch drau\u00dfen.<\/p>\n\n\n\n<p><strong>Blau<\/strong><\/p>\n\n\n\n<p>Blau ist eine k\u00fchle, beruhigende Farbe, die den Himmel und das Wasser darstellt. Sammeln Sie blaue Objekte wie Heidelbeeren, Watteb\u00e4usche, Buntstifte und Stoffst\u00fccke. <\/p>\n\n\n\n<p>Ordnen Sie sie von hell bis dunkel an, um die Vielfalt der Blaut\u00f6ne im Kindergarten Thema Farben zu zeigen.<\/p>\n\n\n\n<p><strong>Gelb<\/strong><\/p>\n\n\n\n<p>Gelb ist eine fr\u00f6hliche und helle Farbe, die mit Gl\u00fcck und <a href=\"https:\/\/www.brainytoon.com\/de\/kreativitaet-kinder-foerdern\/\">Kreativit\u00e4t<\/a> verbunden wird. Suchen Sie nach gelben Objekten wie Bananen, Gummienten und Taxis. <\/p>\n\n\n\n<p>Lassen Sie die Kinder die Objekte nach unterschiedlichen Gelbt\u00f6nen gruppieren, wie Zitronengelb, Senfgelb oder Goldgelb.<\/p>\n\n\n\n<p>Diese einfache Herangehensweise hilft den Kindern, ein besseres Verst\u00e4ndnis f\u00fcr Farben zu entwickeln und die Farben im Kindergarten spielerisch zu erkunden.<\/p>\n\n\n<div class=\"wp-block-image\">\n<figure class=\"aligncenter size-medium\"><a href=\"https:\/\/www.brainytoon.com\/de\/wp-content\/uploads\/sites\/3\/2025\/08\/passende-farben.pdf\" target=\"_blank\" rel=\" noreferrer noopener\"><img loading=\"lazy\" decoding=\"async\" width=\"232\" height=\"300\" src=\"https:\/\/www.brainytoon.com\/de\/wp-content\/uploads\/sites\/3\/2025\/08\/farben-arbeitsblatt-232x300.png\" alt=\"Farben arbeitsblatt kindergarten\n\" class=\"wp-image-914\" srcset=\"https:\/\/www.brainytoon.com\/de\/wp-content\/uploads\/sites\/3\/2025\/08\/farben-arbeitsblatt-232x300.png 232w, https:\/\/www.brainytoon.com\/de\/wp-content\/uploads\/sites\/3\/2025\/08\/farben-arbeitsblatt-791x1024.png 791w, https:\/\/www.brainytoon.com\/de\/wp-content\/uploads\/sites\/3\/2025\/08\/farben-arbeitsblatt-768x994.png 768w, https:\/\/www.brainytoon.com\/de\/wp-content\/uploads\/sites\/3\/2025\/08\/farben-arbeitsblatt-1187x1536.png 1187w, https:\/\/www.brainytoon.com\/de\/wp-content\/uploads\/sites\/3\/2025\/08\/farben-arbeitsblatt.png 1545w\" sizes=\"auto, (max-width: 232px) 100vw, 232px\" \/><\/a><figcaption class=\"wp-element-caption\"><a href=\"https:\/\/www.brainytoon.com\/de\/wp-content\/uploads\/sites\/3\/2025\/08\/passende-farben.pdf\" target=\"_blank\" rel=\"noreferrer noopener\">Drucke Arbeitsblatt<\/a><\/figcaption><\/figure>\n<\/div>\n\n\n<p><strong>Sekund\u00e4rfarben im Kindergarten erkl\u00e4ren<\/strong><\/p>\n\n\n\n<p>Sobald die Kinder die Prim\u00e4rfarben verstanden haben, k\u00f6nnen Sie mit den Sekund\u00e4rfarben fortfahren: Gr\u00fcn, Lila und Orange. Diese Farben entstehen durch das Mischen der Prim\u00e4rfarben.<\/p>\n\n\n\n<p><strong>Gr\u00fcn<\/strong><\/p>\n\n\n\n<p>Gr\u00fcn entsteht, wenn Blau und Gelb gemischt werden. Lassen Sie die Kinder experimentieren, indem sie gleich viel Blau und Gelb verwenden. F\u00fcr ein helleres Gr\u00fcn f\u00fcgen Sie mehr Gelb hinzu, oder f\u00fcr ein intensiveres Gr\u00fcn, mehr Blau.<\/p>\n\n\n\n<p><strong>Lila<\/strong><\/p>\n\n\n\n<p>Lila entsteht durch das Mischen von Rot und Blau. Experimentieren Sie mit den Farben, um verschiedene Nuancen zu schaffen \u2013 mehr Rot ergibt ein kr\u00e4ftigeres Lila, w\u00e4hrend mehr Blau zu einem dunkleren Ton f\u00fchrt.<\/p>\n\n\n\n<p><strong>Orange<\/strong><\/p>\n\n\n\n<p>Orange entsteht durch das Mischen von Rot und Gelb. Justieren Sie die Mischung, um unterschiedliche Oranget\u00f6ne zu erzeugen \u2013 von einem ged\u00e4mpften bis zu einem sonnigen Gelb-Orange.<\/p>\n\n\n<div class=\"wp-block-image\">\n<figure class=\"aligncenter size-medium\"><img loading=\"lazy\" decoding=\"async\" width=\"300\" height=\"225\" src=\"https:\/\/www.brainytoon.com\/de\/wp-content\/uploads\/sites\/3\/2025\/03\/Kreativitat-bei-Kindern-fordern-300x225.jpg\" alt=\"Kreativit\u00e4t bei Kindern f\u00f6rdern\" class=\"wp-image-545\" srcset=\"https:\/\/www.brainytoon.com\/de\/wp-content\/uploads\/sites\/3\/2025\/03\/Kreativitat-bei-Kindern-fordern-300x225.jpg 300w, https:\/\/www.brainytoon.com\/de\/wp-content\/uploads\/sites\/3\/2025\/03\/Kreativitat-bei-Kindern-fordern-768x576.jpg 768w, https:\/\/www.brainytoon.com\/de\/wp-content\/uploads\/sites\/3\/2025\/03\/Kreativitat-bei-Kindern-fordern.jpg 800w\" sizes=\"auto, (max-width: 300px) 100vw, 300px\" \/><\/figure>\n<\/div>\n\n\n<h2 class=\"wp-block-heading\"><strong>Lernen durch Spiel<\/strong><\/h2>\n\n\n\n<p>Farben im Kindergarten zu lernen bedeutet nicht nur, Wissen zu erwerben, sondern auch, kreativ zu sein. Wenn Kinder Farben mischen, verstehen sie, wie Farbkombinationen entstehen. <\/p>\n\n\n\n<p>Lassen Sie die Kinder mit verschiedenen Farbproportionen experimentieren, um T\u00f6ne und Schattierungen zu erzeugen.<\/p>\n\n\n\n<p>Verwenden Sie Malfarben, Buntstifte, Kreiden oder Collagen aus buntem Papier. Wichtig ist, dass das Lernen Spa\u00df macht und die Kinder mit Farben spielen k\u00f6nnen.<\/p>\n\n\n\n<h2 class=\"wp-block-heading\"><strong>Farben im Kindergarten verstehen<\/strong><\/h2>\n\n\n\n<p>Es ist ebenfalls spannend, den Kindern zu erm\u00f6glichen, Sekund\u00e4rfarben zu mischen, um zum Beispiel Braun zu erzeugen oder mit Terti\u00e4rfarben wie Rotviolett und Blaugr\u00fcn zu experimentieren. <\/p>\n\n\n\n<p>Indem Kinder mit Farben spielen und experimentieren, entdecken sie deren Eigenschaften auf spielerische Weise.<\/p>\n\n\n\n<h2 class=\"wp-block-heading has-medium-font-size\">Ressourcen und Arbeitsbl\u00e4tter<\/h2>\n\n\n<style>.kb-posts-id-911_82833a-74 .entry.loop-entry .entry-header .entry-title{font-size:var(--global-kb-font-size-md, 1.25rem);}.kb-posts-id-911_82833a-74 .loop-entry{background:transparent;box-shadow:none;}.kb-posts-id-911_82833a-74 .loop-entry > .entry-content-wrap{padding:0px;}.kb-posts-id-911_82833a-74 .loop-entry .post-thumbnail{margin-bottom:1em;}.kb-posts-id-911_82833a-74 .kb-post-list-item{display:grid;}<\/style><ul class=\"wp-block-kadence-posts kb-posts kadence-posts-list kb-posts-id-911_82833a-74 content-wrap grid-cols kb-posts-style-unboxed grid-sm-col-2 grid-lg-col-3 item-image-style-above\"><li class=\"kb-post-list-item\">\n\t<article class=\"entry content-bg loop-entry post-1353 post type-post status-publish format-standard has-post-thumbnail hentry category-ressourcen-ubungen\">\n\t\t\t\t<a aria-hidden=\"true\" tabindex=\"-1\" role=\"presentation\" class=\"post-thumbnail kadence-thumbnail-ratio-2-3\" href=\"https:\/\/www.brainytoon.com\/de\/ostern-arbeitsblaetter-kindergarten\/\" aria-label=\"Osteraktivit\u00e4ten und Ostern Arbeitsbl\u00e4tter f\u00fcr den Kindergarten\">\n\t\t\t<div class=\"post-thumbnail-inner\">\n\t\t\t\t<img loading=\"lazy\" decoding=\"async\" width=\"768\" height=\"511\" src=\"https:\/\/www.brainytoon.com\/de\/wp-content\/uploads\/sites\/3\/2026\/03\/Osteraktivitaeten-768x511.jpg\" class=\"attachment-medium_large size-medium_large wp-post-image\" alt=\"Osteraktivit\u00e4ten\" srcset=\"https:\/\/www.brainytoon.com\/de\/wp-content\/uploads\/sites\/3\/2026\/03\/Osteraktivitaeten-768x511.jpg 768w, https:\/\/www.brainytoon.com\/de\/wp-content\/uploads\/sites\/3\/2026\/03\/Osteraktivitaeten-300x200.jpg 300w, https:\/\/www.brainytoon.com\/de\/wp-content\/uploads\/sites\/3\/2026\/03\/Osteraktivitaeten.jpg 800w\" sizes=\"auto, (max-width: 768px) 100vw, 768px\" \/>\t\t\t<\/div>\n\t\t<\/a><!-- .post-thumbnail -->\n\t\t\t\t<div class=\"entry-content-wrap\">\n\t\t\t<header class=\"entry-header\">\n\t<h5 class=\"entry-title\"><a href=\"https:\/\/www.brainytoon.com\/de\/ostern-arbeitsblaetter-kindergarten\/\" rel=\"bookmark\">Osteraktivit\u00e4ten und Ostern Arbeitsbl\u00e4tter f\u00fcr den Kindergarten<\/a><\/h5><\/header><!-- .entry-header -->\n<footer class=\"entry-footer\">\n\t<\/footer><!-- .entry-footer -->\t\t<\/div>\n\t<\/article>\n<\/li>\n<li class=\"kb-post-list-item\">\n\t<article class=\"entry content-bg loop-entry post-586 post type-post status-publish format-standard has-post-thumbnail hentry category-ressourcen-ubungen\">\n\t\t\t\t<a aria-hidden=\"true\" tabindex=\"-1\" role=\"presentation\" class=\"post-thumbnail kadence-thumbnail-ratio-2-3\" href=\"https:\/\/www.brainytoon.com\/de\/arbeitsblatt-vorschule-zahlen\/\" aria-label=\"Arbeitsblatt Vorschule Zahlen \u2013 Z\u00e4hlen und Nachspuren lernen\">\n\t\t\t<div class=\"post-thumbnail-inner\">\n\t\t\t\t<img loading=\"lazy\" decoding=\"async\" width=\"768\" height=\"512\" src=\"https:\/\/www.brainytoon.com\/de\/wp-content\/uploads\/sites\/3\/2025\/03\/zahlen-768x512.png\" class=\"attachment-medium_large size-medium_large wp-post-image\" alt=\"zahlen vorschule\" srcset=\"https:\/\/www.brainytoon.com\/de\/wp-content\/uploads\/sites\/3\/2025\/03\/zahlen-768x512.png 768w, https:\/\/www.brainytoon.com\/de\/wp-content\/uploads\/sites\/3\/2025\/03\/zahlen-300x200.png 300w, https:\/\/www.brainytoon.com\/de\/wp-content\/uploads\/sites\/3\/2025\/03\/zahlen.png 800w\" sizes=\"auto, (max-width: 768px) 100vw, 768px\" \/>\t\t\t<\/div>\n\t\t<\/a><!-- .post-thumbnail -->\n\t\t\t\t<div class=\"entry-content-wrap\">\n\t\t\t<header class=\"entry-header\">\n\t<h5 class=\"entry-title\"><a href=\"https:\/\/www.brainytoon.com\/de\/arbeitsblatt-vorschule-zahlen\/\" rel=\"bookmark\">Arbeitsblatt Vorschule Zahlen \u2013 Z\u00e4hlen und Nachspuren lernen<\/a><\/h5><\/header><!-- .entry-header -->\n<footer class=\"entry-footer\">\n\t<\/footer><!-- .entry-footer -->\t\t<\/div>\n\t<\/article>\n<\/li>\n<li class=\"kb-post-list-item\">\n\t<article class=\"entry content-bg loop-entry post-58 post type-post status-publish format-standard has-post-thumbnail hentry category-aktivitaeten category-ressourcen-ubungen\">\n\t\t\t\t<a aria-hidden=\"true\" tabindex=\"-1\" role=\"presentation\" class=\"post-thumbnail kadence-thumbnail-ratio-2-3\" href=\"https:\/\/www.brainytoon.com\/de\/arbeitsblatt-herbst\/\" aria-label=\"Arbeitsblatt zum Herbst mit Aktivit\u00e4ten und Bastelarbeiten\">\n\t\t\t<div class=\"post-thumbnail-inner\">\n\t\t\t\t<img loading=\"lazy\" decoding=\"async\" width=\"768\" height=\"512\" src=\"https:\/\/www.brainytoon.com\/de\/wp-content\/uploads\/sites\/3\/2024\/09\/Arbeitsblatt-Herbst-768x512.png\" class=\"attachment-medium_large size-medium_large wp-post-image\" alt=\"Arbeitsblatt Herbst\" srcset=\"https:\/\/www.brainytoon.com\/de\/wp-content\/uploads\/sites\/3\/2024\/09\/Arbeitsblatt-Herbst-768x512.png 768w, https:\/\/www.brainytoon.com\/de\/wp-content\/uploads\/sites\/3\/2024\/09\/Arbeitsblatt-Herbst-300x200.png 300w, https:\/\/www.brainytoon.com\/de\/wp-content\/uploads\/sites\/3\/2024\/09\/Arbeitsblatt-Herbst.png 800w\" sizes=\"auto, (max-width: 768px) 100vw, 768px\" \/>\t\t\t<\/div>\n\t\t<\/a><!-- .post-thumbnail -->\n\t\t\t\t<div class=\"entry-content-wrap\">\n\t\t\t<header class=\"entry-header\">\n\t<h5 class=\"entry-title\"><a href=\"https:\/\/www.brainytoon.com\/de\/arbeitsblatt-herbst\/\" rel=\"bookmark\">Arbeitsblatt zum Herbst mit Aktivit\u00e4ten und Bastelarbeiten<\/a><\/h5><\/header><!-- .entry-header -->\n<footer class=\"entry-footer\">\n\t<\/footer><!-- .entry-footer -->\t\t<\/div>\n\t<\/article>\n<\/li>\n<\/ul>","protected":false},"excerpt":{"rendered":"<p>Das Thema Farben im Kindergarten ist eine tolle M\u00f6glichkeit, Kindern zu vermitteln, wie Farben miteinander in Beziehung stehen. Der Farbkreis zeigt die Verbindungen zwischen den Farben, mit den drei Prim\u00e4rfarben: Rot, Blau und Gelb, die nicht durch das Mischen anderer Farben erzeugt werden k\u00f6nnen. Sekund\u00e4rfarben wie Orange, Gr\u00fcn und Lila entstehen durch das Mischen zweier&#8230;<\/p>\n","protected":false},"author":1,"featured_media":912,"comment_status":"closed","ping_status":"closed","sticky":false,"template":"","format":"standard","meta":{"_kadence_starter_templates_imported_post":false,"_kad_post_transparent":"","_kad_post_title":"","_kad_post_layout":"","_kad_post_sidebar_id":"","_kad_post_content_style":"","_kad_post_vertical_padding":"","_kad_post_feature":"","_kad_post_feature_position":"","_kad_post_header":false,"_kad_post_footer":false,"_kad_post_classname":"","footnotes":""},"categories":[14],"tags":[],"class_list":["post-911","post","type-post","status-publish","format-standard","has-post-thumbnail","hentry","category-ressourcen-ubungen"],"yoast_head":"<!-- This site is optimized with the Yoast SEO plugin v27.5 - https:\/\/yoast.com\/product\/yoast-seo-wordpress\/ -->\n<title>Farben Thema im Kindergarten<\/title>\n<meta name=\"description\" content=\"Farben im Kindergarten spielerisch entdecken: Kreative \u00dcbungen zu Prim\u00e4r- und Sekund\u00e4rfarben f\u00f6rdern das Verst\u00e4ndnis und die Kreativit\u00e4t.\" \/>\n<meta name=\"robots\" content=\"index, follow, max-snippet:-1, max-image-preview:large, max-video-preview:-1\" \/>\n<link rel=\"canonical\" href=\"https:\/\/www.brainytoon.com\/de\/farben-thema-kindergarten\/\" \/>\n<meta property=\"og:locale\" content=\"de_DE\" \/>\n<meta property=\"og:type\" content=\"article\" \/>\n<meta property=\"og:title\" content=\"Farben Thema im Kindergarten\" \/>\n<meta property=\"og:description\" content=\"Farben im Kindergarten spielerisch entdecken: Kreative \u00dcbungen zu Prim\u00e4r- und Sekund\u00e4rfarben f\u00f6rdern das Verst\u00e4ndnis und die Kreativit\u00e4t.\" \/>\n<meta property=\"og:url\" content=\"https:\/\/www.brainytoon.com\/de\/farben-thema-kindergarten\/\" \/>\n<meta property=\"og:site_name\" content=\"Brainytoon Deutsch\" \/>\n<meta property=\"article:published_time\" content=\"2025-08-08T19:38:37+00:00\" \/>\n<meta property=\"article:modified_time\" content=\"2025-08-08T19:51:42+00:00\" \/>\n<meta property=\"og:image\" content=\"https:\/\/www.brainytoon.com\/de\/wp-content\/uploads\/sites\/3\/2025\/08\/farben-thema-im-kindergarten.png\" \/>\n\t<meta property=\"og:image:width\" content=\"800\" \/>\n\t<meta property=\"og:image:height\" content=\"533\" \/>\n\t<meta property=\"og:image:type\" content=\"image\/png\" \/>\n<meta name=\"author\" content=\"brainytoon\" \/>\n<meta name=\"twitter:card\" content=\"summary_large_image\" \/>\n<meta name=\"twitter:label1\" content=\"Verfasst von\" \/>\n\t<meta name=\"twitter:data1\" content=\"brainytoon\" \/>\n\t<meta name=\"twitter:label2\" content=\"Gesch\u00e4tzte Lesezeit\" \/>\n\t<meta name=\"twitter:data2\" content=\"5\u00a0Minuten\" \/>\n<script type=\"application\/ld+json\" class=\"yoast-schema-graph\">{\"@context\":\"https:\\\/\\\/schema.org\",\"@graph\":[{\"@type\":\"Article\",\"@id\":\"https:\\\/\\\/www.brainytoon.com\\\/de\\\/farben-thema-kindergarten\\\/#article\",\"isPartOf\":{\"@id\":\"https:\\\/\\\/www.brainytoon.com\\\/de\\\/farben-thema-kindergarten\\\/\"},\"author\":{\"name\":\"brainytoon\",\"@id\":\"https:\\\/\\\/www.brainytoon.com\\\/de\\\/#\\\/schema\\\/person\\\/47fe4526dad834ab57361fa85493e34b\"},\"headline\":\"Farben Thema im Kindergarten: Kreative Farb\u00fcbungen und Aktivit\u00e4ten f\u00fcr Kinder\",\"datePublished\":\"2025-08-08T19:38:37+00:00\",\"dateModified\":\"2025-08-08T19:51:42+00:00\",\"mainEntityOfPage\":{\"@id\":\"https:\\\/\\\/www.brainytoon.com\\\/de\\\/farben-thema-kindergarten\\\/\"},\"wordCount\":648,\"publisher\":{\"@id\":\"https:\\\/\\\/www.brainytoon.com\\\/de\\\/#organization\"},\"image\":{\"@id\":\"https:\\\/\\\/www.brainytoon.com\\\/de\\\/farben-thema-kindergarten\\\/#primaryimage\"},\"thumbnailUrl\":\"https:\\\/\\\/www.brainytoon.com\\\/de\\\/wp-content\\\/uploads\\\/sites\\\/3\\\/2025\\\/08\\\/farben-thema-im-kindergarten.png\",\"articleSection\":[\"Ressourcen &amp; \u00dcbungen\"],\"inLanguage\":\"de\"},{\"@type\":\"WebPage\",\"@id\":\"https:\\\/\\\/www.brainytoon.com\\\/de\\\/farben-thema-kindergarten\\\/\",\"url\":\"https:\\\/\\\/www.brainytoon.com\\\/de\\\/farben-thema-kindergarten\\\/\",\"name\":\"Farben Thema im Kindergarten\",\"isPartOf\":{\"@id\":\"https:\\\/\\\/www.brainytoon.com\\\/de\\\/#website\"},\"primaryImageOfPage\":{\"@id\":\"https:\\\/\\\/www.brainytoon.com\\\/de\\\/farben-thema-kindergarten\\\/#primaryimage\"},\"image\":{\"@id\":\"https:\\\/\\\/www.brainytoon.com\\\/de\\\/farben-thema-kindergarten\\\/#primaryimage\"},\"thumbnailUrl\":\"https:\\\/\\\/www.brainytoon.com\\\/de\\\/wp-content\\\/uploads\\\/sites\\\/3\\\/2025\\\/08\\\/farben-thema-im-kindergarten.png\",\"datePublished\":\"2025-08-08T19:38:37+00:00\",\"dateModified\":\"2025-08-08T19:51:42+00:00\",\"description\":\"Farben im Kindergarten spielerisch entdecken: Kreative \u00dcbungen zu Prim\u00e4r- und Sekund\u00e4rfarben f\u00f6rdern das Verst\u00e4ndnis und die Kreativit\u00e4t.\",\"breadcrumb\":{\"@id\":\"https:\\\/\\\/www.brainytoon.com\\\/de\\\/farben-thema-kindergarten\\\/#breadcrumb\"},\"inLanguage\":\"de\",\"potentialAction\":[{\"@type\":\"ReadAction\",\"target\":[\"https:\\\/\\\/www.brainytoon.com\\\/de\\\/farben-thema-kindergarten\\\/\"]}]},{\"@type\":\"ImageObject\",\"inLanguage\":\"de\",\"@id\":\"https:\\\/\\\/www.brainytoon.com\\\/de\\\/farben-thema-kindergarten\\\/#primaryimage\",\"url\":\"https:\\\/\\\/www.brainytoon.com\\\/de\\\/wp-content\\\/uploads\\\/sites\\\/3\\\/2025\\\/08\\\/farben-thema-im-kindergarten.png\",\"contentUrl\":\"https:\\\/\\\/www.brainytoon.com\\\/de\\\/wp-content\\\/uploads\\\/sites\\\/3\\\/2025\\\/08\\\/farben-thema-im-kindergarten.png\",\"width\":800,\"height\":533,\"caption\":\"farben thema im kindergarten\"},{\"@type\":\"BreadcrumbList\",\"@id\":\"https:\\\/\\\/www.brainytoon.com\\\/de\\\/farben-thema-kindergarten\\\/#breadcrumb\",\"itemListElement\":[{\"@type\":\"ListItem\",\"position\":1,\"name\":\"Home\",\"item\":\"https:\\\/\\\/www.brainytoon.com\\\/de\\\/\"},{\"@type\":\"ListItem\",\"position\":2,\"name\":\"Farben Thema im Kindergarten: Kreative Farb\u00fcbungen und Aktivit\u00e4ten f\u00fcr Kinder\"}]},{\"@type\":\"WebSite\",\"@id\":\"https:\\\/\\\/www.brainytoon.com\\\/de\\\/#website\",\"url\":\"https:\\\/\\\/www.brainytoon.com\\\/de\\\/\",\"name\":\"Brainytoon\",\"description\":\"Lesen lernen kinder app mit Brainytoon\",\"publisher\":{\"@id\":\"https:\\\/\\\/www.brainytoon.com\\\/de\\\/#organization\"},\"potentialAction\":[{\"@type\":\"SearchAction\",\"target\":{\"@type\":\"EntryPoint\",\"urlTemplate\":\"https:\\\/\\\/www.brainytoon.com\\\/de\\\/?s={search_term_string}\"},\"query-input\":{\"@type\":\"PropertyValueSpecification\",\"valueRequired\":true,\"valueName\":\"search_term_string\"}}],\"inLanguage\":\"de\"},{\"@type\":\"Organization\",\"@id\":\"https:\\\/\\\/www.brainytoon.com\\\/de\\\/#organization\",\"name\":\"Brainytoon\",\"url\":\"https:\\\/\\\/www.brainytoon.com\\\/de\\\/\",\"logo\":{\"@type\":\"ImageObject\",\"inLanguage\":\"de\",\"@id\":\"https:\\\/\\\/www.brainytoon.com\\\/de\\\/#\\\/schema\\\/logo\\\/image\\\/\",\"url\":\"https:\\\/\\\/www.brainytoon.com\\\/de\\\/wp-content\\\/uploads\\\/sites\\\/3\\\/2026\\\/01\\\/brainytoon-education.png\",\"contentUrl\":\"https:\\\/\\\/www.brainytoon.com\\\/de\\\/wp-content\\\/uploads\\\/sites\\\/3\\\/2026\\\/01\\\/brainytoon-education.png\",\"width\":300,\"height\":100,\"caption\":\"Brainytoon\"},\"image\":{\"@id\":\"https:\\\/\\\/www.brainytoon.com\\\/de\\\/#\\\/schema\\\/logo\\\/image\\\/\"}},{\"@type\":\"Person\",\"@id\":\"https:\\\/\\\/www.brainytoon.com\\\/de\\\/#\\\/schema\\\/person\\\/47fe4526dad834ab57361fa85493e34b\",\"name\":\"brainytoon\",\"sameAs\":[\"http:\\\/\\\/www.brainytoon.com\"]}]}<\/script>\n<!-- \/ Yoast SEO plugin. -->","yoast_head_json":{"title":"Farben Thema im Kindergarten","description":"Farben im Kindergarten spielerisch entdecken: Kreative \u00dcbungen zu Prim\u00e4r- und Sekund\u00e4rfarben f\u00f6rdern das Verst\u00e4ndnis und die Kreativit\u00e4t.","robots":{"index":"index","follow":"follow","max-snippet":"max-snippet:-1","max-image-preview":"max-image-preview:large","max-video-preview":"max-video-preview:-1"},"canonical":"https:\/\/www.brainytoon.com\/de\/farben-thema-kindergarten\/","og_locale":"de_DE","og_type":"article","og_title":"Farben Thema im Kindergarten","og_description":"Farben im Kindergarten spielerisch entdecken: Kreative \u00dcbungen zu Prim\u00e4r- und Sekund\u00e4rfarben f\u00f6rdern das Verst\u00e4ndnis und die Kreativit\u00e4t.","og_url":"https:\/\/www.brainytoon.com\/de\/farben-thema-kindergarten\/","og_site_name":"Brainytoon Deutsch","article_published_time":"2025-08-08T19:38:37+00:00","article_modified_time":"2025-08-08T19:51:42+00:00","og_image":[{"width":800,"height":533,"url":"https:\/\/www.brainytoon.com\/de\/wp-content\/uploads\/sites\/3\/2025\/08\/farben-thema-im-kindergarten.png","type":"image\/png"}],"author":"brainytoon","twitter_card":"summary_large_image","twitter_misc":{"Verfasst von":"brainytoon","Gesch\u00e4tzte Lesezeit":"5\u00a0Minuten"},"schema":{"@context":"https:\/\/schema.org","@graph":[{"@type":"Article","@id":"https:\/\/www.brainytoon.com\/de\/farben-thema-kindergarten\/#article","isPartOf":{"@id":"https:\/\/www.brainytoon.com\/de\/farben-thema-kindergarten\/"},"author":{"name":"brainytoon","@id":"https:\/\/www.brainytoon.com\/de\/#\/schema\/person\/47fe4526dad834ab57361fa85493e34b"},"headline":"Farben Thema im Kindergarten: Kreative Farb\u00fcbungen und Aktivit\u00e4ten f\u00fcr Kinder","datePublished":"2025-08-08T19:38:37+00:00","dateModified":"2025-08-08T19:51:42+00:00","mainEntityOfPage":{"@id":"https:\/\/www.brainytoon.com\/de\/farben-thema-kindergarten\/"},"wordCount":648,"publisher":{"@id":"https:\/\/www.brainytoon.com\/de\/#organization"},"image":{"@id":"https:\/\/www.brainytoon.com\/de\/farben-thema-kindergarten\/#primaryimage"},"thumbnailUrl":"https:\/\/www.brainytoon.com\/de\/wp-content\/uploads\/sites\/3\/2025\/08\/farben-thema-im-kindergarten.png","articleSection":["Ressourcen &amp; \u00dcbungen"],"inLanguage":"de"},{"@type":"WebPage","@id":"https:\/\/www.brainytoon.com\/de\/farben-thema-kindergarten\/","url":"https:\/\/www.brainytoon.com\/de\/farben-thema-kindergarten\/","name":"Farben Thema im Kindergarten","isPartOf":{"@id":"https:\/\/www.brainytoon.com\/de\/#website"},"primaryImageOfPage":{"@id":"https:\/\/www.brainytoon.com\/de\/farben-thema-kindergarten\/#primaryimage"},"image":{"@id":"https:\/\/www.brainytoon.com\/de\/farben-thema-kindergarten\/#primaryimage"},"thumbnailUrl":"https:\/\/www.brainytoon.com\/de\/wp-content\/uploads\/sites\/3\/2025\/08\/farben-thema-im-kindergarten.png","datePublished":"2025-08-08T19:38:37+00:00","dateModified":"2025-08-08T19:51:42+00:00","description":"Farben im Kindergarten spielerisch entdecken: Kreative \u00dcbungen zu Prim\u00e4r- und Sekund\u00e4rfarben f\u00f6rdern das Verst\u00e4ndnis und die Kreativit\u00e4t.","breadcrumb":{"@id":"https:\/\/www.brainytoon.com\/de\/farben-thema-kindergarten\/#breadcrumb"},"inLanguage":"de","potentialAction":[{"@type":"ReadAction","target":["https:\/\/www.brainytoon.com\/de\/farben-thema-kindergarten\/"]}]},{"@type":"ImageObject","inLanguage":"de","@id":"https:\/\/www.brainytoon.com\/de\/farben-thema-kindergarten\/#primaryimage","url":"https:\/\/www.brainytoon.com\/de\/wp-content\/uploads\/sites\/3\/2025\/08\/farben-thema-im-kindergarten.png","contentUrl":"https:\/\/www.brainytoon.com\/de\/wp-content\/uploads\/sites\/3\/2025\/08\/farben-thema-im-kindergarten.png","width":800,"height":533,"caption":"farben thema im kindergarten"},{"@type":"BreadcrumbList","@id":"https:\/\/www.brainytoon.com\/de\/farben-thema-kindergarten\/#breadcrumb","itemListElement":[{"@type":"ListItem","position":1,"name":"Home","item":"https:\/\/www.brainytoon.com\/de\/"},{"@type":"ListItem","position":2,"name":"Farben Thema im Kindergarten: Kreative Farb\u00fcbungen und Aktivit\u00e4ten f\u00fcr Kinder"}]},{"@type":"WebSite","@id":"https:\/\/www.brainytoon.com\/de\/#website","url":"https:\/\/www.brainytoon.com\/de\/","name":"Brainytoon","description":"Lesen lernen kinder app mit Brainytoon","publisher":{"@id":"https:\/\/www.brainytoon.com\/de\/#organization"},"potentialAction":[{"@type":"SearchAction","target":{"@type":"EntryPoint","urlTemplate":"https:\/\/www.brainytoon.com\/de\/?s={search_term_string}"},"query-input":{"@type":"PropertyValueSpecification","valueRequired":true,"valueName":"search_term_string"}}],"inLanguage":"de"},{"@type":"Organization","@id":"https:\/\/www.brainytoon.com\/de\/#organization","name":"Brainytoon","url":"https:\/\/www.brainytoon.com\/de\/","logo":{"@type":"ImageObject","inLanguage":"de","@id":"https:\/\/www.brainytoon.com\/de\/#\/schema\/logo\/image\/","url":"https:\/\/www.brainytoon.com\/de\/wp-content\/uploads\/sites\/3\/2026\/01\/brainytoon-education.png","contentUrl":"https:\/\/www.brainytoon.com\/de\/wp-content\/uploads\/sites\/3\/2026\/01\/brainytoon-education.png","width":300,"height":100,"caption":"Brainytoon"},"image":{"@id":"https:\/\/www.brainytoon.com\/de\/#\/schema\/logo\/image\/"}},{"@type":"Person","@id":"https:\/\/www.brainytoon.com\/de\/#\/schema\/person\/47fe4526dad834ab57361fa85493e34b","name":"brainytoon","sameAs":["http:\/\/www.brainytoon.com"]}]}},"_links":{"self":[{"href":"https:\/\/www.brainytoon.com\/de\/wp-json\/wp\/v2\/posts\/911","targetHints":{"allow":["GET"]}}],"collection":[{"href":"https:\/\/www.brainytoon.com\/de\/wp-json\/wp\/v2\/posts"}],"about":[{"href":"https:\/\/www.brainytoon.com\/de\/wp-json\/wp\/v2\/types\/post"}],"author":[{"embeddable":true,"href":"https:\/\/www.brainytoon.com\/de\/wp-json\/wp\/v2\/users\/1"}],"replies":[{"embeddable":true,"href":"https:\/\/www.brainytoon.com\/de\/wp-json\/wp\/v2\/comments?post=911"}],"version-history":[{"count":9,"href":"https:\/\/www.brainytoon.com\/de\/wp-json\/wp\/v2\/posts\/911\/revisions"}],"predecessor-version":[{"id":928,"href":"https:\/\/www.brainytoon.com\/de\/wp-json\/wp\/v2\/posts\/911\/revisions\/928"}],"wp:featuredmedia":[{"embeddable":true,"href":"https:\/\/www.brainytoon.com\/de\/wp-json\/wp\/v2\/media\/912"}],"wp:attachment":[{"href":"https:\/\/www.brainytoon.com\/de\/wp-json\/wp\/v2\/media?parent=911"}],"wp:term":[{"taxonomy":"category","embeddable":true,"href":"https:\/\/www.brainytoon.com\/de\/wp-json\/wp\/v2\/categories?post=911"},{"taxonomy":"post_tag","embeddable":true,"href":"https:\/\/www.brainytoon.com\/de\/wp-json\/wp\/v2\/tags?post=911"}],"curies":[{"name":"wp","href":"https:\/\/api.w.org\/{rel}","templated":true}]}}